{"id":25168,"date":"2015-03-01T09:05:36","date_gmt":"2015-03-01T07:05:36","guid":{"rendered":"http:\/\/www.sana.sy\/tr\/?p=25168"},"modified":"2015-03-01T09:05:36","modified_gmt":"2015-03-01T07:05:36","slug":"sanayi-odasindan-bir-heyet-gazilerimizi-ziyaret-etti","status":"publish","type":"post","link":"https:\/\/archive.sana.sy\/tr\/?p=25168","title":{"rendered":"Sanayi Odas\u0131ndan Bir Heyet Gazilerimizi Ziyaret Etti"},"content":{"rendered":"<p>\u015eAM \u2013 \u015eam ve \u00c7evre Kent Sanayi Odas\u0131ndan bir heyet d\u00fcn ter\u00f6rle m\u00fccadelede yaralanan ve tedavileri hastanede devam eden gazilerimizi ziyaret etti.<\/p>\n<p>Sanayi Odas\u0131 Y\u00f6netim Kurulu Ba\u015fkan\u0131 Samir el Debbas yapt\u0131\u011f\u0131 a\u00e7\u0131klamada, bu ziyaretin, Sanayi Odas\u0131n\u0131n ordu birliklerimizi destekledi\u011fini ve her zaman yanlar\u0131nda oldu\u011funun bir yans\u0131mas\u0131n\u0131 te\u015fkil etti\u011fini dile getirdi.<\/p>\n<p>Ter\u00f6r\u00fcn vatan topraklar\u0131n\u0131n b\u00fct\u00fcnl\u00fc\u011f\u00fc, halk\u0131n birlik ve beraberli\u011finin yan\u0131 s\u0131ra vatan\u0131n gelece\u011fini ve sanayinin geli\u015fimini de hedef ald\u0131\u011f\u0131na de\u011finen Debbas, Suriye halk\u0131, topraklar\u0131 ve tarihinin ter\u00f6r\u00fc ve fitneyi asla bar\u0131nd\u0131rmayaca\u011f\u0131n\u0131 ve ne pahas\u0131na olursa olsun ter\u00f6r\u00fcn son zerresinin bu topraklardan defedilmesi zaferinin kutlanaca\u011f\u0131n\u0131 vurgulad\u0131.<\/p>\n<p>Kahraman ordu birliklerimizin ter\u00f6rle m\u00fccadelede yazd\u0131klar\u0131 destanlar\u0131 \u00f6vg\u00fcl\u00fc c\u00fcmlelerle hat\u0131rlatan Debbas, b\u00fct\u00fcn gazilerimize acil \u015fifalar diledi.<\/p>\n<p>Ziyaretten b\u00fcy\u00fck bir mutluluk duyduklar\u0131n\u0131 dile getiren gazilerimiz ise biran \u00f6nce iyile\u015ferek silah arkada\u015flar\u0131n\u0131n yan\u0131nda ter\u00f6re kar\u015f\u0131 m\u00fccadelelerini\u00a0 sonuna kadar s\u00fcrd\u00fcrmek istediklerini dile getirdiler.<\/p>\n<div id='gallery-1' class='gallery galleryid-25168 gallery-columns-3 gallery-size-thumbnail'><figure class='gallery-item'>\n\t\t\t<div class='gallery-icon landscape'>\n\t\t\t\t<a href='https:\/\/archive.sana.sy\/tr\/wp-content\/uploads\/2015\/03\/\u015eam-ve-\u00c7evre-Kent-Sanayi-Odas\u0131-7.jpg'><img loading=\"lazy\" decoding=\"async\" width=\"150\" height=\"89\" src=\"https:\/\/archive.sana.sy\/tr\/wp-content\/uploads\/2015\/03\/\u015eam-ve-\u00c7evre-Kent-Sanayi-Odas\u0131-7-150x89.jpg\" class=\"attachment-thumbnail size-thumbnail\" alt=\"\" srcset=\"https:\/\/archive.sana.sy\/tr\/wp-content\/uploads\/2015\/03\/\u015eam-ve-\u00c7evre-Kent-Sanayi-Odas\u0131-7-150x89.jpg 150w, https:\/\/archive.sana.sy\/tr\/wp-content\/uploads\/2015\/03\/\u015eam-ve-\u00c7evre-Kent-Sanayi-Odas\u0131-7-300x177.jpg 300w, https:\/\/archive.sana.sy\/tr\/wp-content\/uploads\/2015\/03\/\u015eam-ve-\u00c7evre-Kent-Sanayi-Odas\u0131-7-1024x605.jpg 1024w\" sizes=\"auto, (max-width: 150px) 100vw, 150px\" \/><\/a>\n\t\t\t<\/div><\/figure><figure class='gallery-item'>\n\t\t\t<div class='gallery-icon landscape'>\n\t\t\t\t<a href='https:\/\/archive.sana.sy\/tr\/wp-content\/uploads\/2015\/03\/\u015eam-ve-\u00c7evre-Kent-Sanayi-Odas\u0131-6.jpg'><img loading=\"lazy\" decoding=\"async\" width=\"150\" height=\"95\" src=\"https:\/\/archive.sana.sy\/tr\/wp-content\/uploads\/2015\/03\/\u015eam-ve-\u00c7evre-Kent-Sanayi-Odas\u0131-6-150x95.jpg\" class=\"attachment-thumbnail size-thumbnail\" alt=\"\" srcset=\"https:\/\/archive.sana.sy\/tr\/wp-content\/uploads\/2015\/03\/\u015eam-ve-\u00c7evre-Kent-Sanayi-Odas\u0131-6-150x95.jpg 150w, https:\/\/archive.sana.sy\/tr\/wp-content\/uploads\/2015\/03\/\u015eam-ve-\u00c7evre-Kent-Sanayi-Odas\u0131-6-300x190.jpg 300w, https:\/\/archive.sana.sy\/tr\/wp-content\/uploads\/2015\/03\/\u015eam-ve-\u00c7evre-Kent-Sanayi-Odas\u0131-6-1024x648.jpg 1024w\" sizes=\"auto, (max-width: 150px) 100vw, 150px\" \/><\/a>\n\t\t\t<\/div><\/figure><figure class='gallery-item'>\n\t\t\t<div class='gallery-icon landscape'>\n\t\t\t\t<a href='https:\/\/archive.sana.sy\/tr\/wp-content\/uploads\/2015\/03\/\u015eam-ve-\u00c7evre-Kent-Sanayi-Odas\u0131-5.jpg'><img loading=\"lazy\" decoding=\"async\" width=\"150\" height=\"104\" src=\"https:\/\/archive.sana.sy\/tr\/wp-content\/uploads\/2015\/03\/\u015eam-ve-\u00c7evre-Kent-Sanayi-Odas\u0131-5-150x104.jpg\" class=\"attachment-thumbnail size-thumbnail\" alt=\"\" srcset=\"https:\/\/archive.sana.sy\/tr\/wp-content\/uploads\/2015\/03\/\u015eam-ve-\u00c7evre-Kent-Sanayi-Odas\u0131-5-150x104.jpg 150w, https:\/\/archive.sana.sy\/tr\/wp-content\/uploads\/2015\/03\/\u015eam-ve-\u00c7evre-Kent-Sanayi-Odas\u0131-5-300x208.jpg 300w, https:\/\/archive.sana.sy\/tr\/wp-content\/uploads\/2015\/03\/\u015eam-ve-\u00c7evre-Kent-Sanayi-Odas\u0131-5-1024x710.jpg 1024w\" sizes=\"auto, (max-width: 150px) 100vw, 150px\" \/><\/a>\n\t\t\t<\/div><\/figure><figure class='gallery-item'>\n\t\t\t<div class='gallery-icon landscape'>\n\t\t\t\t<a href='https:\/\/archive.sana.sy\/tr\/wp-content\/uploads\/2015\/03\/\u015eam-ve-\u00c7evre-Kent-Sanayi-Odas\u0131-4.jpg'><img loading=\"lazy\" decoding=\"async\" width=\"150\" height=\"103\" src=\"https:\/\/archive.sana.sy\/tr\/wp-content\/uploads\/2015\/03\/\u015eam-ve-\u00c7evre-Kent-Sanayi-Odas\u0131-4-150x103.jpg\" class=\"attachment-thumbnail size-thumbnail\" alt=\"\" srcset=\"https:\/\/archive.sana.sy\/tr\/wp-content\/uploads\/2015\/03\/\u015eam-ve-\u00c7evre-Kent-Sanayi-Odas\u0131-4-150x103.jpg 150w, https:\/\/archive.sana.sy\/tr\/wp-content\/uploads\/2015\/03\/\u015eam-ve-\u00c7evre-Kent-Sanayi-Odas\u0131-4-300x207.jpg 300w, https:\/\/archive.sana.sy\/tr\/wp-content\/uploads\/2015\/03\/\u015eam-ve-\u00c7evre-Kent-Sanayi-Odas\u0131-4-1024x706.jpg 1024w\" sizes=\"auto, (max-width: 150px) 100vw, 150px\" \/><\/a>\n\t\t\t<\/div><\/figure><figure class='gallery-item'>\n\t\t\t<div class='gallery-icon landscape'>\n\t\t\t\t<a href='https:\/\/archive.sana.sy\/tr\/wp-content\/uploads\/2015\/03\/\u015eam-ve-\u00c7evre-Kent-Sanayi-Odas\u0131-3.jpg'><img loading=\"lazy\" decoding=\"async\" width=\"150\" height=\"119\" src=\"https:\/\/archive.sana.sy\/tr\/wp-content\/uploads\/2015\/03\/\u015eam-ve-\u00c7evre-Kent-Sanayi-Odas\u0131-3-150x119.jpg\" class=\"attachment-thumbnail size-thumbnail\" alt=\"\" srcset=\"https:\/\/archive.sana.sy\/tr\/wp-content\/uploads\/2015\/03\/\u015eam-ve-\u00c7evre-Kent-Sanayi-Odas\u0131-3-150x119.jpg 150w, https:\/\/archive.sana.sy\/tr\/wp-content\/uploads\/2015\/03\/\u015eam-ve-\u00c7evre-Kent-Sanayi-Odas\u0131-3-300x237.jpg 300w, https:\/\/archive.sana.sy\/tr\/wp-content\/uploads\/2015\/03\/\u015eam-ve-\u00c7evre-Kent-Sanayi-Odas\u0131-3-1024x810.jpg 1024w\" sizes=\"auto, (max-width: 150px) 100vw, 150px\" \/><\/a>\n\t\t\t<\/div><\/figure><figure class='gallery-item'>\n\t\t\t<div class='gallery-icon landscape'>\n\t\t\t\t<a href='https:\/\/archive.sana.sy\/tr\/wp-content\/uploads\/2015\/03\/\u015eam-ve-\u00c7evre-Kent-Sanayi-Odas\u0131-2.jpg'><img loading=\"lazy\" decoding=\"async\" width=\"150\" height=\"96\" src=\"https:\/\/archive.sana.sy\/tr\/wp-content\/uploads\/2015\/03\/\u015eam-ve-\u00c7evre-Kent-Sanayi-Odas\u0131-2-150x96.jpg\" class=\"attachment-thumbnail size-thumbnail\" alt=\"\" srcset=\"https:\/\/archive.sana.sy\/tr\/wp-content\/uploads\/2015\/03\/\u015eam-ve-\u00c7evre-Kent-Sanayi-Odas\u0131-2-150x96.jpg 150w, https:\/\/archive.sana.sy\/tr\/wp-content\/uploads\/2015\/03\/\u015eam-ve-\u00c7evre-Kent-Sanayi-Odas\u0131-2-300x191.jpg 300w, https:\/\/archive.sana.sy\/tr\/wp-content\/uploads\/2015\/03\/\u015eam-ve-\u00c7evre-Kent-Sanayi-Odas\u0131-2-1024x652.jpg 1024w\" sizes=\"auto, (max-width: 150px) 100vw, 150px\" \/><\/a>\n\t\t\t<\/div><\/figure>\n\t\t<\/div>\n\n<p>F.B. &#8211; R.H.<\/p>\n","protected":false},"excerpt":{"rendered":"<p>\u015eAM \u2013 \u015eam ve \u00c7evre Kent Sanayi Odas\u0131ndan bir heyet d\u00fcn ter\u00f6rle m\u00fccadelede yaralanan ve tedavileri hastanede devam eden gazilerimizi ziyaret etti. Sanayi Odas\u0131 Y\u00f6netim Kurulu Ba\u015fkan\u0131 Samir el Debbas yapt\u0131\u011f\u0131 a\u00e7\u0131klamada, bu ziyaretin, Sanayi Odas\u0131n\u0131n ordu birliklerimizi destekledi\u011fini ve her zaman yanlar\u0131nda oldu\u011funun bir yans\u0131mas\u0131n\u0131 te\u015fkil etti\u011fini dile getirdi. Ter\u00f6r\u00fcn vatan topraklar\u0131n\u0131n b\u00fct\u00fcnl\u00fc\u011f\u00fc, halk\u0131n &hellip;<\/p>\n","protected":false},"author":1,"featured_media":25169,"comment_status":"closed","ping_status":"closed","sticky":false,"template":"","format":"standard","meta":{"footnotes":""},"categories":[596,479,478],"tags":[11980],"class_list":["post-25168","post","type-post","status-publish","format-standard","has-post-thumbnail","","category-fotografli-raporlar","category-haberler-yerel","category-yerel","tag-sanayi-odasindan-bir-heyet-gazilerimizi-ziyaret-etti-sam-sam-ve-cevre-kent-sanayi-odasindan-bir-heyet-bugun-terorle-mucadelede-yaralanan-ve-tedavileri-hastanede-devam-eden-gazilerimizi-ziyar"],"_links":{"self":[{"href":"https:\/\/archive.sana.sy\/tr\/index.php?rest_route=\/wp\/v2\/posts\/25168","targetHints":{"allow":["GET"]}}],"collection":[{"href":"https:\/\/archive.sana.sy\/tr\/index.php?rest_route=\/wp\/v2\/posts"}],"about":[{"href":"https:\/\/archive.sana.sy\/tr\/index.php?rest_route=\/wp\/v2\/types\/post"}],"author":[{"embeddable":true,"href":"https:\/\/archive.sana.sy\/tr\/index.php?rest_route=\/wp\/v2\/users\/1"}],"replies":[{"embeddable":true,"href":"https:\/\/archive.sana.sy\/tr\/index.php?rest_route=%2Fwp%2Fv2%2Fcomments&post=25168"}],"version-history":[{"count":0,"href":"https:\/\/archive.sana.sy\/tr\/index.php?rest_route=\/wp\/v2\/posts\/25168\/revisions"}],"wp:featuredmedia":[{"embeddable":true,"href":"https:\/\/archive.sana.sy\/tr\/index.php?rest_route=\/wp\/v2\/media\/25169"}],"wp:attachment":[{"href":"https:\/\/archive.sana.sy\/tr\/index.php?rest_route=%2Fwp%2Fv2%2Fmedia&parent=25168"}],"wp:term":[{"taxonomy":"category","embeddable":true,"href":"https:\/\/archive.sana.sy\/tr\/index.php?rest_route=%2Fwp%2Fv2%2Fcategories&post=25168"},{"taxonomy":"post_tag","embeddable":true,"href":"https:\/\/archive.sana.sy\/tr\/index.php?rest_route=%2Fwp%2Fv2%2Ftags&post=25168"}],"curies":[{"name":"wp","href":"https:\/\/api.w.org\/{rel}","templated":true}]}}