{"id":251762,"date":"2022-03-19T09:10:19","date_gmt":"2022-03-19T07:10:19","guid":{"rendered":"http:\/\/107.6.182.27\/tr\/?p=251762"},"modified":"2022-03-20T08:45:37","modified_gmt":"2022-03-20T06:45:37","slug":"saglik-bakanligi-yeni-26-koronavirus-278-sifa-2-vefat-vakasi-kaydedildi","status":"publish","type":"post","link":"https:\/\/archive.sana.sy\/tr\/?p=251762","title":{"rendered":"Sa\u011fl\u0131k Bakanl\u0131\u011f\u0131, Yeni 26 Koronavir\u00fcs, 278 \u015eifa, 2 Vefat Vakas\u0131 Kaydedildi"},"content":{"rendered":"<p>\u015eAM \u2013 Sa\u011fl\u0131k Bakanl\u0131\u011f\u0131, yeni 26 koronavir\u00fcs vakas\u0131n\u0131n tescil edildi\u011fini, tescil edilen vakalardan 278\u2019inin \u015fifa buldu\u011funu, 2\u2019sinin de vefat etti\u011fini ilan etti.<\/p>\n<p>Bakanl\u0131k yay\u0131nlad\u0131\u011f\u0131 ve SANA\u2019n\u0131n n\u00fcshas\u0131n\u0131 ald\u0131\u011f\u0131 beyanda, Suriye\u2019de tescil edilen vaka say\u0131s\u0131n\u0131n bug\u00fcne kadar 55514\u2019e y\u00fckseldi\u011fini, bunlardan 50846\u2019s\u0131n\u0131n iyile\u015fti\u011fini, 3124\u2019\u00fcn\u00fcn de vefat etti\u011fine i\u015faret etti.<\/p>\n","protected":false},"excerpt":{"rendered":"<p>\u015eAM \u2013 Sa\u011fl\u0131k Bakanl\u0131\u011f\u0131, yeni 26 koronavir\u00fcs vakas\u0131n\u0131n tescil edildi\u011fini, tescil edilen vakalardan 278\u2019inin \u015fifa buldu\u011funu, 2\u2019sinin de vefat etti\u011fini ilan etti. Bakanl\u0131k yay\u0131nlad\u0131\u011f\u0131 ve SANA\u2019n\u0131n n\u00fcshas\u0131n\u0131 ald\u0131\u011f\u0131 beyanda, Suriye\u2019de tescil edilen vaka say\u0131s\u0131n\u0131n bug\u00fcne kadar 55514\u2019e y\u00fckseldi\u011fini, bunlardan 50846\u2019s\u0131n\u0131n iyile\u015fti\u011fini, 3124\u2019\u00fcn\u00fcn de vefat etti\u011fine i\u015faret etti.<\/p>\n","protected":false},"author":36,"featured_media":251763,"comment_status":"closed","ping_status":"closed","sticky":false,"template":"","format":"standard","meta":{"footnotes":""},"categories":[526,479,17988,525,478],"tags":[],"class_list":["post-251762","post","type-post","status-publish","format-standard","has-post-thumbnail","","category-haber-ve-raporlar","category-haberler-yerel","category-son-haberler","category-toplum","category-yerel"],"_links":{"self":[{"href":"https:\/\/archive.sana.sy\/tr\/index.php?rest_route=\/wp\/v2\/posts\/251762","targetHints":{"allow":["GET"]}}],"collection":[{"href":"https:\/\/archive.sana.sy\/tr\/index.php?rest_route=\/wp\/v2\/posts"}],"about":[{"href":"https:\/\/archive.sana.sy\/tr\/index.php?rest_route=\/wp\/v2\/types\/post"}],"author":[{"embeddable":true,"href":"https:\/\/archive.sana.sy\/tr\/index.php?rest_route=\/wp\/v2\/users\/36"}],"replies":[{"embeddable":true,"href":"https:\/\/archive.sana.sy\/tr\/index.php?rest_route=%2Fwp%2Fv2%2Fcomments&post=251762"}],"version-history":[{"count":0,"href":"https:\/\/archive.sana.sy\/tr\/index.php?rest_route=\/wp\/v2\/posts\/251762\/revisions"}],"wp:featuredmedia":[{"embeddable":true,"href":"https:\/\/archive.sana.sy\/tr\/index.php?rest_route=\/wp\/v2\/media\/251763"}],"wp:attachment":[{"href":"https:\/\/archive.sana.sy\/tr\/index.php?rest_route=%2Fwp%2Fv2%2Fmedia&parent=251762"}],"wp:term":[{"taxonomy":"category","embeddable":true,"href":"https:\/\/archive.sana.sy\/tr\/index.php?rest_route=%2Fwp%2Fv2%2Fcategories&post=251762"},{"taxonomy":"post_tag","embeddable":true,"href":"https:\/\/archive.sana.sy\/tr\/index.php?rest_route=%2Fwp%2Fv2%2Ftags&post=251762"}],"curies":[{"name":"wp","href":"https:\/\/api.w.org\/{rel}","templated":true}]}}