{"id":251774,"date":"2022-03-19T09:27:51","date_gmt":"2022-03-19T07:27:51","guid":{"rendered":"http:\/\/107.6.182.27\/tr\/?p=251774"},"modified":"2022-03-20T08:45:48","modified_gmt":"2022-03-20T06:45:48","slug":"cin-suriyenin-egemenligine-ve-toprak-butunlugune-saygi-gosterme-talebini-yineledi","status":"publish","type":"post","link":"https:\/\/archive.sana.sy\/tr\/?p=251774","title":{"rendered":"\u00c7in, Suriye&#8217;nin Egemenli\u011fine Ve Toprak B\u00fct\u00fcnl\u00fc\u011f\u00fcne Sayg\u0131 G\u00f6sterme Talebini Yineledi"},"content":{"rendered":"<p>CENEVRE \u2013 \u00c7in, Suriye&#8217;nin egemenli\u011fine ve toprak b\u00fct\u00fcnl\u00fc\u011f\u00fcne sayg\u0131 g\u00f6sterilmesi ve i\u00e7i\u015flerine kar\u0131\u015fmamas\u0131 y\u00f6n\u00fcndeki talebini yineledi.<\/p>\n<p>\u00c7in&#8217;in Cenevre&#8217;deki Birle\u015fmi\u015f Milletler Ofisi Misyon Bakan\u0131 Jiang Duan&#8217;\u0131n BM \u0130nsan Haklar\u0131 Konseyi&#8217;nin bir oturumu s\u0131ras\u0131nda yapt\u0131\u011f\u0131 ve X\u0130NHUA Ajans\u0131 aktard\u0131\u011f\u0131na g\u00f6re; &#8220;Suriye&#8217;nin egemenli\u011fi, ba\u011f\u0131ms\u0131zl\u0131\u011f\u0131, birli\u011fi ve toprak b\u00fct\u00fcnl\u00fc\u011f\u00fc ile Suriye halk\u0131n\u0131n ge\u00e7im ve kalk\u0131nma hakk\u0131 tan\u0131nmal\u0131 ve t\u00fcm bu haklar korunmal\u0131d\u0131r&#8221; dedi.<\/p>\n<p>Jiang, &#8220;Suriye&#8217;deki krizin bug\u00fcne kadar devam etmesi, d\u0131\u015f m\u00fcdahalenin, bask\u0131 ve yapt\u0131r\u0131mlar\u0131n devam etmesinin herhangi bir \u00fclke i\u00e7in ancak derin ac\u0131lara yol a\u00e7aca\u011f\u0131n\u0131 kan\u0131tl\u0131yor&#8221; diyerek, Suriye&#8217;ye uygulanan yasa d\u0131\u015f\u0131 tek tarafl\u0131 zorlay\u0131c\u0131 tedbirlerin bu \u00fclkedeki insan haklar\u0131na ve insani duruma b\u00fcy\u00fck zarar verdi\u011fine dikkati \u00e7ekti.<\/p>\n<p>Jiang, ABD&#8217;nin son yirmi y\u0131lda Suriye ve di\u011fer \u00fclkelerde 90.000&#8217;den fazla hava sald\u0131r\u0131s\u0131 d\u00fczenledi\u011fini ve yakla\u015f\u0131k 48.000 sivili \u00f6ld\u00fcrd\u00fc\u011f\u00fcn\u00fc s\u00f6yledi.<\/p>\n","protected":false},"excerpt":{"rendered":"<p>CENEVRE \u2013 \u00c7in, Suriye&#8217;nin egemenli\u011fine ve toprak b\u00fct\u00fcnl\u00fc\u011f\u00fcne sayg\u0131 g\u00f6sterilmesi ve i\u00e7i\u015flerine kar\u0131\u015fmamas\u0131 y\u00f6n\u00fcndeki talebini yineledi. \u00c7in&#8217;in Cenevre&#8217;deki Birle\u015fmi\u015f Milletler Ofisi Misyon Bakan\u0131 Jiang Duan&#8217;\u0131n BM \u0130nsan Haklar\u0131 Konseyi&#8217;nin bir oturumu s\u0131ras\u0131nda yapt\u0131\u011f\u0131 ve X\u0130NHUA Ajans\u0131 aktard\u0131\u011f\u0131na g\u00f6re; &#8220;Suriye&#8217;nin egemenli\u011fi, ba\u011f\u0131ms\u0131zl\u0131\u011f\u0131, birli\u011fi ve toprak b\u00fct\u00fcnl\u00fc\u011f\u00fc ile Suriye halk\u0131n\u0131n ge\u00e7im ve kalk\u0131nma hakk\u0131 tan\u0131nmal\u0131 ve t\u00fcm &hellip;<\/p>\n","protected":false},"author":36,"featured_media":251775,"comment_status":"closed","ping_status":"closed","sticky":false,"template":"","format":"standard","meta":{"footnotes":""},"categories":[458,459,17988],"tags":[],"class_list":["post-251774","post","type-post","status-publish","format-standard","has-post-thumbnail","","category-dunya1","category-haberler-arap-uluslararasi-politika","category-son-haberler"],"_links":{"self":[{"href":"https:\/\/archive.sana.sy\/tr\/index.php?rest_route=\/wp\/v2\/posts\/251774","targetHints":{"allow":["GET"]}}],"collection":[{"href":"https:\/\/archive.sana.sy\/tr\/index.php?rest_route=\/wp\/v2\/posts"}],"about":[{"href":"https:\/\/archive.sana.sy\/tr\/index.php?rest_route=\/wp\/v2\/types\/post"}],"author":[{"embeddable":true,"href":"https:\/\/archive.sana.sy\/tr\/index.php?rest_route=\/wp\/v2\/users\/36"}],"replies":[{"embeddable":true,"href":"https:\/\/archive.sana.sy\/tr\/index.php?rest_route=%2Fwp%2Fv2%2Fcomments&post=251774"}],"version-history":[{"count":0,"href":"https:\/\/archive.sana.sy\/tr\/index.php?rest_route=\/wp\/v2\/posts\/251774\/revisions"}],"wp:featuredmedia":[{"embeddable":true,"href":"https:\/\/archive.sana.sy\/tr\/index.php?rest_route=\/wp\/v2\/media\/251775"}],"wp:attachment":[{"href":"https:\/\/archive.sana.sy\/tr\/index.php?rest_route=%2Fwp%2Fv2%2Fmedia&parent=251774"}],"wp:term":[{"taxonomy":"category","embeddable":true,"href":"https:\/\/archive.sana.sy\/tr\/index.php?rest_route=%2Fwp%2Fv2%2Fcategories&post=251774"},{"taxonomy":"post_tag","embeddable":true,"href":"https:\/\/archive.sana.sy\/tr\/index.php?rest_route=%2Fwp%2Fv2%2Ftags&post=251774"}],"curies":[{"name":"wp","href":"https:\/\/api.w.org\/{rel}","templated":true}]}}