{"id":251778,"date":"2022-03-19T14:14:53","date_gmt":"2022-03-19T12:14:53","guid":{"rendered":"http:\/\/107.6.182.27\/tr\/?p=251778"},"modified":"2022-03-20T08:42:06","modified_gmt":"2022-03-20T06:42:06","slug":"rus-savunmasi-dun-gece-69-ukrayna-askeri-hedefi-imha-edildi","status":"publish","type":"post","link":"https:\/\/archive.sana.sy\/tr\/?p=251778","title":{"rendered":"Rus Savunmas\u0131: D\u00fcn Gece 69 Ukrayna Askeri Hedefi \u0130mha Edildi"},"content":{"rendered":"<p style=\"text-align: justify;\">MOSKOVA &#8211; Rusya Savunma Bakanl\u0131\u011f\u0131 s\u00f6zc\u00fcs\u00fc T\u00fcmgeneral \u0130gor Kona\u015finkov, \u00f6zel askeri operasyonun ba\u015flamas\u0131ndan bu yana, Rus Silahl\u0131 Kuvvetleri&#8217;nin Ukrayna&#8217;ya ait 196 \u0130HA, 1.438 tank ve di\u011fer z\u0131rhl\u0131 ara\u00e7, 145 f\u00fcze rampas\u0131, 566 sahra ve havan topu ve 1.237 adet de Ukrayna \u00f6zel askeri arac\u0131 imha etti\u011fini s\u00f6yledi.<\/p>\n<p style=\"text-align: justify;\">Kona\u015finkov bug\u00fcn verdi\u011fi bas\u0131n brifinginde: &#8220;Rus silahl\u0131 kuvvetleri, Odessa deniz kentinin eteklerinde bulunan bir Ukrayna radyo ke\u015fif merkezini imha etmek i\u00e7in Bastion tipi k\u0131y\u0131ya kar\u015f\u0131 f\u00fcze sistemini kulland\u0131,\u00a0 ayr\u0131ca \u0130van Franco eyaleti, Dilany kasabas\u0131n\u0131n eteklerinde Ukrayna silahl\u0131 kuvvetlerinin b\u00fcy\u00fck bir yeralt\u0131 f\u00fcze ve hava f\u00fczeleri deposunu imha etmek i\u00e7in Kinjal han\u00e7erinin hipersonik sistemi kullan\u0131ld\u0131\u011f\u0131n\u0131&#8221; s\u00f6yledi.<\/p>\n<p style=\"text-align: justify;\">Kona\u015finkov, Rus hava u\u00e7aklar\u0131n\u0131n d\u00fcn gece aralar\u0131nda 3 S-300 u\u00e7aksavar sistemi olmak \u00fczere, 1 Puk-M1 u\u00e7aksavar sistemi, 1 radar ni\u015fan ve hedef tespit istasyonu, 3 roketatar, 12 top\u00e7u mermisi deposu olmak \u00fczere 69 Ukrayna askeri hedefini, 13 sava\u015f ekipman\u0131 alan\u0131 ve 12 Ukrayna \u0130HA&#8217;s\u0131n\u0131 imha etti\u011fine dikkat \u00e7ekti.<\/p>\n","protected":false},"excerpt":{"rendered":"<p>MOSKOVA &#8211; Rusya Savunma Bakanl\u0131\u011f\u0131 s\u00f6zc\u00fcs\u00fc T\u00fcmgeneral \u0130gor Kona\u015finkov, \u00f6zel askeri operasyonun ba\u015flamas\u0131ndan bu yana, Rus Silahl\u0131 Kuvvetleri&#8217;nin Ukrayna&#8217;ya ait 196 \u0130HA, 1.438 tank ve di\u011fer z\u0131rhl\u0131 ara\u00e7, 145 f\u00fcze rampas\u0131, 566 sahra ve havan topu ve 1.237 adet de Ukrayna \u00f6zel askeri arac\u0131 imha etti\u011fini s\u00f6yledi. Kona\u015finkov bug\u00fcn verdi\u011fi bas\u0131n brifinginde: &#8220;Rus silahl\u0131 kuvvetleri, &hellip;<\/p>\n","protected":false},"author":1,"featured_media":251779,"comment_status":"closed","ping_status":"closed","sticky":false,"template":"","format":"standard","meta":{"footnotes":""},"categories":[458,459,17988],"tags":[],"class_list":["post-251778","post","type-post","status-publish","format-standard","has-post-thumbnail","","category-dunya1","category-haberler-arap-uluslararasi-politika","category-son-haberler"],"_links":{"self":[{"href":"https:\/\/archive.sana.sy\/tr\/index.php?rest_route=\/wp\/v2\/posts\/251778","targetHints":{"allow":["GET"]}}],"collection":[{"href":"https:\/\/archive.sana.sy\/tr\/index.php?rest_route=\/wp\/v2\/posts"}],"about":[{"href":"https:\/\/archive.sana.sy\/tr\/index.php?rest_route=\/wp\/v2\/types\/post"}],"author":[{"embeddable":true,"href":"https:\/\/archive.sana.sy\/tr\/index.php?rest_route=\/wp\/v2\/users\/1"}],"replies":[{"embeddable":true,"href":"https:\/\/archive.sana.sy\/tr\/index.php?rest_route=%2Fwp%2Fv2%2Fcomments&post=251778"}],"version-history":[{"count":0,"href":"https:\/\/archive.sana.sy\/tr\/index.php?rest_route=\/wp\/v2\/posts\/251778\/revisions"}],"wp:featuredmedia":[{"embeddable":true,"href":"https:\/\/archive.sana.sy\/tr\/index.php?rest_route=\/wp\/v2\/media\/251779"}],"wp:attachment":[{"href":"https:\/\/archive.sana.sy\/tr\/index.php?rest_route=%2Fwp%2Fv2%2Fmedia&parent=251778"}],"wp:term":[{"taxonomy":"category","embeddable":true,"href":"https:\/\/archive.sana.sy\/tr\/index.php?rest_route=%2Fwp%2Fv2%2Fcategories&post=251778"},{"taxonomy":"post_tag","embeddable":true,"href":"https:\/\/archive.sana.sy\/tr\/index.php?rest_route=%2Fwp%2Fv2%2Ftags&post=251778"}],"curies":[{"name":"wp","href":"https:\/\/api.w.org\/{rel}","templated":true}]}}