{"id":251781,"date":"2022-03-19T14:27:55","date_gmt":"2022-03-19T12:27:55","guid":{"rendered":"http:\/\/107.6.182.27\/tr\/?p=251781"},"modified":"2022-03-20T08:42:14","modified_gmt":"2022-03-20T06:42:14","slug":"kamisli-kirsalinda-dsg-militanlarina-ait-bir-petrol-tankeri-patladi","status":"publish","type":"post","link":"https:\/\/archive.sana.sy\/tr\/?p=251781","title":{"rendered":"Kam\u0131\u015fl\u0131 K\u0131rsal\u0131nda DSG Militanlar\u0131na Ait Bir Petrol Tankeri Patlad\u0131"},"content":{"rendered":"<p style=\"text-align: justify;\">HASEKE &#8211; Kam\u0131\u015fl\u0131 k\u0131rsal\u0131 Al Kahtaniyye beldesindeki Ouda istasyonu yak\u0131n\u0131nda, Amerikan i\u015fgaliyle ba\u011flant\u0131l\u0131 DSG milislerine ait bir akaryak\u0131t tankeri infilak etti.<\/p>\n<p style=\"text-align: justify;\">Yerel kaynaklar SANA muhabirine, Kam\u0131\u015fl\u0131 k\u0131rsal\u0131ndaki Al Kahtaniyye beldesindeki Ouda istasyonu yak\u0131n\u0131nda DSG milislerine ait yak\u0131t y\u00fckl\u00fc bir tankta patlay\u0131c\u0131n\u0131n infilak ederek tank\u0131n tamamen yanmas\u0131na ve s\u00fcr\u00fcc\u00fcn\u00fcn ciddi \u015fekilde yaralanmas\u0131na neden oldu\u011funu s\u00f6yledi.<\/p>\n<p style=\"text-align: justify;\">Kaynaklar,DSG milislerinin silahl\u0131lar\u0131ndan takviye getirdi\u011fini ve \u00e7evrede g\u00fcvenlik \u015feridi olu\u015fturdu\u011funu belirtti.<\/p>\n","protected":false},"excerpt":{"rendered":"<p>HASEKE &#8211; Kam\u0131\u015fl\u0131 k\u0131rsal\u0131 Al Kahtaniyye beldesindeki Ouda istasyonu yak\u0131n\u0131nda, Amerikan i\u015fgaliyle ba\u011flant\u0131l\u0131 DSG milislerine ait bir akaryak\u0131t tankeri infilak etti. Yerel kaynaklar SANA muhabirine, Kam\u0131\u015fl\u0131 k\u0131rsal\u0131ndaki Al Kahtaniyye beldesindeki Ouda istasyonu yak\u0131n\u0131nda DSG milislerine ait yak\u0131t y\u00fckl\u00fc bir tankta patlay\u0131c\u0131n\u0131n infilak ederek tank\u0131n tamamen yanmas\u0131na ve s\u00fcr\u00fcc\u00fcn\u00fcn ciddi \u015fekilde yaralanmas\u0131na neden oldu\u011funu s\u00f6yledi. Kaynaklar,DSG &hellip;<\/p>\n","protected":false},"author":1,"featured_media":251782,"comment_status":"closed","ping_status":"closed","sticky":false,"template":"","format":"standard","meta":{"footnotes":""},"categories":[479,575,17988,478],"tags":[],"class_list":["post-251781","post","type-post","status-publish","format-standard","has-post-thumbnail","","category-haberler-yerel","category-olaylar-ve-gercekler","category-son-haberler","category-yerel"],"_links":{"self":[{"href":"https:\/\/archive.sana.sy\/tr\/index.php?rest_route=\/wp\/v2\/posts\/251781","targetHints":{"allow":["GET"]}}],"collection":[{"href":"https:\/\/archive.sana.sy\/tr\/index.php?rest_route=\/wp\/v2\/posts"}],"about":[{"href":"https:\/\/archive.sana.sy\/tr\/index.php?rest_route=\/wp\/v2\/types\/post"}],"author":[{"embeddable":true,"href":"https:\/\/archive.sana.sy\/tr\/index.php?rest_route=\/wp\/v2\/users\/1"}],"replies":[{"embeddable":true,"href":"https:\/\/archive.sana.sy\/tr\/index.php?rest_route=%2Fwp%2Fv2%2Fcomments&post=251781"}],"version-history":[{"count":0,"href":"https:\/\/archive.sana.sy\/tr\/index.php?rest_route=\/wp\/v2\/posts\/251781\/revisions"}],"wp:featuredmedia":[{"embeddable":true,"href":"https:\/\/archive.sana.sy\/tr\/index.php?rest_route=\/wp\/v2\/media\/251782"}],"wp:attachment":[{"href":"https:\/\/archive.sana.sy\/tr\/index.php?rest_route=%2Fwp%2Fv2%2Fmedia&parent=251781"}],"wp:term":[{"taxonomy":"category","embeddable":true,"href":"https:\/\/archive.sana.sy\/tr\/index.php?rest_route=%2Fwp%2Fv2%2Fcategories&post=251781"},{"taxonomy":"post_tag","embeddable":true,"href":"https:\/\/archive.sana.sy\/tr\/index.php?rest_route=%2Fwp%2Fv2%2Ftags&post=251781"}],"curies":[{"name":"wp","href":"https:\/\/api.w.org\/{rel}","templated":true}]}}