{"id":251784,"date":"2022-03-19T14:32:10","date_gmt":"2022-03-19T12:32:10","guid":{"rendered":"http:\/\/107.6.182.27\/tr\/?p=251784"},"modified":"2022-03-20T08:42:23","modified_gmt":"2022-03-20T06:42:23","slug":"isgalci-amerika-haseke-kirsalindaki-uslerinden-kuzey-iraka-askeri-arac-ve-techizat-tasiyor","status":"publish","type":"post","link":"https:\/\/archive.sana.sy\/tr\/?p=251784","title":{"rendered":"\u0130\u015fgalci Amerika, Haseke K\u0131rsal\u0131ndaki \u00dcslerinden Kuzey Irak&#8217;a Askeri Ara\u00e7 Ve Te\u00e7hizat Ta\u015f\u0131yor"},"content":{"rendered":"<p style=\"text-align: justify;\">HASEKE &#8211; Amerikan i\u015fgal g\u00fc\u00e7leri, Haseke k\u0131rsal\u0131ndaki \u00fcss\u00fcnden askeri ara\u00e7 ve te\u00e7hizat y\u00fckl\u00fc bir konvoyu yasad\u0131\u015f\u0131 el Velid ge\u00e7idinden Kuzey Irak&#8217;a ta\u015f\u0131d\u0131.<\/p>\n<p style=\"text-align: justify;\">Haseke&#8217;nin kuzeydo\u011fusundaki Ya&#8217;rubiyye k\u0131rsal\u0131ndan yerel kaynaklar SANA muhabirine a\u00e7\u0131klamalar\u0131nda, aralar\u0131nda askeri te\u00e7hizat y\u00fckl\u00fc kapal\u0131 tankerlerin de bulundu\u011fu Amerikan i\u015fgal kuvvetlerine ait kamyonlar\u0131n da bulundu\u011fu 52 ara\u00e7l\u0131k bir konvoyun \u00e7ok say\u0131da z\u0131rhl\u0131 ara\u00e7lar refakatinde Suriye topraklar\u0131ndan ayr\u0131larak bu sabah Kuzey Irak&#8217;a do\u011fru \u00e7\u0131kt\u0131\u011f\u0131n\u0131 s\u00f6yledi.<\/p>\n<p style=\"text-align: justify;\">Kaynaklar, \u00e7e\u015fitli medya kaynaklar\u0131nda bu ay Suriye&#8217;nin el Cezire b\u00f6lgesindeki ABD i\u015fgal \u00fcslerinin f\u00fczelerle sald\u0131r\u0131ya u\u011frad\u0131\u011f\u0131 y\u00f6n\u00fcndeki haberler \u0131\u015f\u0131\u011f\u0131nda, bu mekanizma ve te\u00e7hizat\u0131n ge\u00e7mi\u015fte sald\u0131r\u0131ya u\u011framas\u0131 sonucu hasar g\u00f6rd\u00fc\u011f\u00fcn\u00fc iddia etti.<\/p>\n","protected":false},"excerpt":{"rendered":"<p>HASEKE &#8211; Amerikan i\u015fgal g\u00fc\u00e7leri, Haseke k\u0131rsal\u0131ndaki \u00fcss\u00fcnden askeri ara\u00e7 ve te\u00e7hizat y\u00fckl\u00fc bir konvoyu yasad\u0131\u015f\u0131 el Velid ge\u00e7idinden Kuzey Irak&#8217;a ta\u015f\u0131d\u0131. Haseke&#8217;nin kuzeydo\u011fusundaki Ya&#8217;rubiyye k\u0131rsal\u0131ndan yerel kaynaklar SANA muhabirine a\u00e7\u0131klamalar\u0131nda, aralar\u0131nda askeri te\u00e7hizat y\u00fckl\u00fc kapal\u0131 tankerlerin de bulundu\u011fu Amerikan i\u015fgal kuvvetlerine ait kamyonlar\u0131n da bulundu\u011fu 52 ara\u00e7l\u0131k bir konvoyun \u00e7ok say\u0131da z\u0131rhl\u0131 ara\u00e7lar refakatinde &hellip;<\/p>\n","protected":false},"author":1,"featured_media":251785,"comment_status":"closed","ping_status":"closed","sticky":false,"template":"","format":"standard","meta":{"footnotes":""},"categories":[479,575,17988,478],"tags":[],"class_list":["post-251784","post","type-post","status-publish","format-standard","has-post-thumbnail","","category-haberler-yerel","category-olaylar-ve-gercekler","category-son-haberler","category-yerel"],"_links":{"self":[{"href":"https:\/\/archive.sana.sy\/tr\/index.php?rest_route=\/wp\/v2\/posts\/251784","targetHints":{"allow":["GET"]}}],"collection":[{"href":"https:\/\/archive.sana.sy\/tr\/index.php?rest_route=\/wp\/v2\/posts"}],"about":[{"href":"https:\/\/archive.sana.sy\/tr\/index.php?rest_route=\/wp\/v2\/types\/post"}],"author":[{"embeddable":true,"href":"https:\/\/archive.sana.sy\/tr\/index.php?rest_route=\/wp\/v2\/users\/1"}],"replies":[{"embeddable":true,"href":"https:\/\/archive.sana.sy\/tr\/index.php?rest_route=%2Fwp%2Fv2%2Fcomments&post=251784"}],"version-history":[{"count":0,"href":"https:\/\/archive.sana.sy\/tr\/index.php?rest_route=\/wp\/v2\/posts\/251784\/revisions"}],"wp:featuredmedia":[{"embeddable":true,"href":"https:\/\/archive.sana.sy\/tr\/index.php?rest_route=\/wp\/v2\/media\/251785"}],"wp:attachment":[{"href":"https:\/\/archive.sana.sy\/tr\/index.php?rest_route=%2Fwp%2Fv2%2Fmedia&parent=251784"}],"wp:term":[{"taxonomy":"category","embeddable":true,"href":"https:\/\/archive.sana.sy\/tr\/index.php?rest_route=%2Fwp%2Fv2%2Fcategories&post=251784"},{"taxonomy":"post_tag","embeddable":true,"href":"https:\/\/archive.sana.sy\/tr\/index.php?rest_route=%2Fwp%2Fv2%2Ftags&post=251784"}],"curies":[{"name":"wp","href":"https:\/\/api.w.org\/{rel}","templated":true}]}}