{"id":251791,"date":"2022-03-19T18:42:28","date_gmt":"2022-03-19T16:42:28","guid":{"rendered":"http:\/\/107.6.182.27\/tr\/?p=251791"},"modified":"2022-03-20T08:42:41","modified_gmt":"2022-03-20T06:42:41","slug":"lavrov-washington-kievin-rusyanin-asgari-taleplerini-kabul-etmesini-engelliyor","status":"publish","type":"post","link":"https:\/\/archive.sana.sy\/tr\/?p=251791","title":{"rendered":"Lavrov: Washington, Kiev&#8217;in Rusya&#8217;n\u0131n Asgari Taleplerini Kabul Etmesini Engelliyor"},"content":{"rendered":"<p style=\"text-align: justify;\">MOSKOVA &#8211; Rusya D\u0131\u015fi\u015fleri Bakan\u0131 Sergi Lavrov, Washington&#8217;u Moskova ile Kiev aras\u0131nda Ukrayna&#8217;daki sava\u015f\u0131 durdurmay\u0131 ama\u00e7layan devam eden m\u00fczakerelerde Ukrayna h\u00fck\u00fcmetine tavr\u0131n\u0131 dayatmakla su\u00e7lad\u0131.<\/p>\n<p style=\"text-align: justify;\">&#8220;Rusya&#8217;n\u0131n Liderleri&#8221; yar\u0131\u015fmas\u0131n\u0131n uluslararas\u0131 arenas\u0131nda bug\u00fcn kat\u0131l\u0131mc\u0131lara yapt\u0131\u011f\u0131 konu\u015fmada, &#8220;Moskova her zaman t\u00fcm meselelerde diplomatik bir \u00e7\u00f6z\u00fcm\u00fc destekledi\u011fini vurgulayan Lavrov, Moskova&#8217;n\u0131n Donbass&#8217;ta askeri operasyona ba\u015flamas\u0131n\u0131n ard\u0131ndan Rusya Devlet Ba\u015fkan\u0131 Vladimir Putin&#8217;in, Ukrayna Devlet Ba\u015fkan\u0131 Vladimir Zelensky&#8217;nin bar\u0131\u015f m\u00fczakerelerini ba\u015flatma \u00f6nerisini kabul etti\u011fini, Ukrayna heyetinin m\u00fczakerelere kat\u0131l\u0131m\u0131n\u0131n &#8220;ba\u015flang\u0131\u00e7ta resmi oldu\u011funu, ancak daha sonra diyalogun geli\u015fti\u011fini&#8221; belirtti.<\/p>\n<p style=\"text-align: justify;\">Lavrov, &#8220;Amerikal\u0131lar\u0131n muhtemelen Ukrayna heyetinin elini tuttu\u011funu ve Ruslar\u0131n asgari taleplerini bile kabul etmesine izin vermedi\u011fini her zaman hissediyoruz&#8221; dedi.<\/p>\n<p style=\"text-align: justify;\">Lavrov, &#8220;\u00f6zel askeri harekat\u0131n t\u00fcm engellere ra\u011fmen devam etti\u011fini&#8221; belirterek, &#8221; bu harekattan ba\u015fka se\u00e7ene\u011fimiz yoktu, bu harekat yoluyla Bat\u0131&#8217;n\u0131n Rus kar\u015f\u0131t\u0131 projesini bozmay\u0131 ba\u015fard\u0131k&#8221; dedi.<\/p>\n<p style=\"text-align: justify;\">Lavrov, Ukrayna ve \u00e7evresinde \u015fu anda ya\u015fananlar\u0131n, Bat\u0131&#8217;n\u0131n Rusya&#8217;n\u0131n kendi emirlerine boyun e\u011fmeyece\u011fini anlad\u0131\u011f\u0131 ge\u00e7en y\u00fczy\u0131l\u0131n doksanl\u0131 y\u0131llar\u0131n ba\u015flar\u0131ndan itibaren Rusya&#8217;ya kar\u015f\u0131 izlemeye ba\u015flad\u0131\u011f\u0131 yakla\u015f\u0131m\u0131n doruk noktas\u0131 oldu\u011funu varsayd\u0131.<\/p>\n<p style=\"text-align: justify;\">\u00d6te yandan Lavrov, Bat\u0131&#8217;y\u0131 &#8220;de\u011fer dedi\u011fi \u015feyleri, serbest piyasa ilkelerini, \u00f6zel m\u00fclkiyetin kutsall\u0131\u011f\u0131n\u0131 ve masumiyetin kan\u0131t\u0131n\u0131 ayaklar\u0131yla ezmekle&#8221; su\u00e7layarak \u015fiddetle ele\u015ftiriler y\u00f6neltti.<\/p>\n<p style=\"text-align: justify;\">Lavrov, ABD&#8217;yi t\u00fcm \u00fclkeleri Rusya ile i\u015fbirli\u011fini durdurmaya \u00e7a\u011f\u0131rmaktan sorumlu tuttu ve &#8220;bu t\u00fcr talep ve \u00fcltimatomlar\u0131 \u00c7in&#8217;e, Hindistan&#8217;a ve di\u011ferlerine y\u00f6nlendirmek, b\u00fcy\u00fck olas\u0131l\u0131kla ya Amerikal\u0131 meslekta\u015flar\u0131m\u0131z\u0131n ger\u00e7eklikten ayr\u0131lmas\u0131 ya da mutlak \u00fcst\u00fcnl\u00fck kompleksinden \u0131zd\u0131rap \u00e7ektikleri anlam\u0131na geliyor&#8221; dedi.<\/p>\n","protected":false},"excerpt":{"rendered":"<p>MOSKOVA &#8211; Rusya D\u0131\u015fi\u015fleri Bakan\u0131 Sergi Lavrov, Washington&#8217;u Moskova ile Kiev aras\u0131nda Ukrayna&#8217;daki sava\u015f\u0131 durdurmay\u0131 ama\u00e7layan devam eden m\u00fczakerelerde Ukrayna h\u00fck\u00fcmetine tavr\u0131n\u0131 dayatmakla su\u00e7lad\u0131. &#8220;Rusya&#8217;n\u0131n Liderleri&#8221; yar\u0131\u015fmas\u0131n\u0131n uluslararas\u0131 arenas\u0131nda bug\u00fcn kat\u0131l\u0131mc\u0131lara yapt\u0131\u011f\u0131 konu\u015fmada, &#8220;Moskova her zaman t\u00fcm meselelerde diplomatik bir \u00e7\u00f6z\u00fcm\u00fc destekledi\u011fini vurgulayan Lavrov, Moskova&#8217;n\u0131n Donbass&#8217;ta askeri operasyona ba\u015flamas\u0131n\u0131n ard\u0131ndan Rusya Devlet Ba\u015fkan\u0131 Vladimir Putin&#8217;in, &hellip;<\/p>\n","protected":false},"author":1,"featured_media":251792,"comment_status":"closed","ping_status":"closed","sticky":false,"template":"","format":"standard","meta":{"footnotes":""},"categories":[458,459,17988],"tags":[],"class_list":["post-251791","post","type-post","status-publish","format-standard","has-post-thumbnail","","category-dunya1","category-haberler-arap-uluslararasi-politika","category-son-haberler"],"_links":{"self":[{"href":"https:\/\/archive.sana.sy\/tr\/index.php?rest_route=\/wp\/v2\/posts\/251791","targetHints":{"allow":["GET"]}}],"collection":[{"href":"https:\/\/archive.sana.sy\/tr\/index.php?rest_route=\/wp\/v2\/posts"}],"about":[{"href":"https:\/\/archive.sana.sy\/tr\/index.php?rest_route=\/wp\/v2\/types\/post"}],"author":[{"embeddable":true,"href":"https:\/\/archive.sana.sy\/tr\/index.php?rest_route=\/wp\/v2\/users\/1"}],"replies":[{"embeddable":true,"href":"https:\/\/archive.sana.sy\/tr\/index.php?rest_route=%2Fwp%2Fv2%2Fcomments&post=251791"}],"version-history":[{"count":0,"href":"https:\/\/archive.sana.sy\/tr\/index.php?rest_route=\/wp\/v2\/posts\/251791\/revisions"}],"wp:featuredmedia":[{"embeddable":true,"href":"https:\/\/archive.sana.sy\/tr\/index.php?rest_route=\/wp\/v2\/media\/251792"}],"wp:attachment":[{"href":"https:\/\/archive.sana.sy\/tr\/index.php?rest_route=%2Fwp%2Fv2%2Fmedia&parent=251791"}],"wp:term":[{"taxonomy":"category","embeddable":true,"href":"https:\/\/archive.sana.sy\/tr\/index.php?rest_route=%2Fwp%2Fv2%2Fcategories&post=251791"},{"taxonomy":"post_tag","embeddable":true,"href":"https:\/\/archive.sana.sy\/tr\/index.php?rest_route=%2Fwp%2Fv2%2Ftags&post=251791"}],"curies":[{"name":"wp","href":"https:\/\/api.w.org\/{rel}","templated":true}]}}