{"id":25180,"date":"2015-03-01T09:45:15","date_gmt":"2015-03-01T07:45:15","guid":{"rendered":"http:\/\/www.sana.sy\/tr\/?p=25180"},"modified":"2015-03-01T09:45:15","modified_gmt":"2015-03-01T07:45:15","slug":"birinci-grupta-kalan-2-mac-5-ve-8-nisanda-oynaniyor","status":"publish","type":"post","link":"https:\/\/archive.sana.sy\/tr\/?p=25180","title":{"rendered":"Birinci Grupta Kalan 2 Ma\u00e7 5 ve 8 Nisan\u2019da Oynan\u0131yor"},"content":{"rendered":"<p>\u015eAM \u2013 Birinci Futbol ligi 1. Grup 8. Etap ma\u00e7lar\u0131 \u015eam statlar\u0131nda 5 Nisan\u2019da d\u00fczenleniyor.<br \/>\nLiderli\u011fi garantileyen Ordu tak\u0131m\u0131 birinci grup ikinci etap ma\u00e7lar\u0131n\u0131n bitmesine iki ma\u00e7 kala di\u011fer tak\u0131mlar\u0131n \u00f6n\u00fcnde kapamay\u0131 garantiledi.<\/p>\n<p>8. etapta ordu Muhafaza stad\u0131nda saat 11:00\u2019de kar\u015f\u0131 kar\u015f\u0131ya gelirken ayn\u0131 saatte Vesbe ve Te\u015frin Mecd stad\u0131nda kar\u015f\u0131 kar\u015f\u0131ya gelecek. Saat 15:00\u2019te de Cezire &#8211; \u015eurta Muhafaza stad\u0131nda oynarken ayn\u0131 saatte Mecd stad\u0131nda \u0130ttihad \u2013 Ceble kar\u015f\u0131la\u015fmas\u0131 oynanacak.<\/p>\n<p>9. ve son etap kar\u015f\u0131la\u015fmalar\u0131 da 8 Nisan\u2019da Mecd stad\u0131nda saat 11\u2019de \u015eurta &#8211; Vesbe, saat 15\u2019te de Ceble &#8211; Cezire, Muhafaza stad\u0131nda Te\u015frin &#8211; Mecd saat 11\u2019de, Ordu ve Talia kar\u015f\u0131la\u015fmas\u0131 da saat 15\u2019te ayn\u0131 statta oynanacak.<\/p>\n<p>S.S. &#8211; R.H.<\/p>\n","protected":false},"excerpt":{"rendered":"<p>\u015eAM \u2013 Birinci Futbol ligi 1. Grup 8. Etap ma\u00e7lar\u0131 \u015eam statlar\u0131nda 5 Nisan\u2019da d\u00fczenleniyor. Liderli\u011fi garantileyen Ordu tak\u0131m\u0131 birinci grup ikinci etap ma\u00e7lar\u0131n\u0131n bitmesine iki ma\u00e7 kala di\u011fer tak\u0131mlar\u0131n \u00f6n\u00fcnde kapamay\u0131 garantiledi. 8. etapta ordu Muhafaza stad\u0131nda saat 11:00\u2019de kar\u015f\u0131 kar\u015f\u0131ya gelirken ayn\u0131 saatte Vesbe ve Te\u015frin Mecd stad\u0131nda kar\u015f\u0131 kar\u015f\u0131ya gelecek. Saat 15:00\u2019te &hellip;<\/p>\n","protected":false},"author":1,"featured_media":25181,"comment_status":"closed","ping_status":"closed","sticky":false,"template":"","format":"standard","meta":{"footnotes":""},"categories":[496,497],"tags":[11983],"class_list":["post-25180","post","type-post","status-publish","format-standard","has-post-thumbnail","","category-spor","category-yerel-turnuvalar","tag-birinci-grupta-kalan-2-mac-5-ve-8-nisanda-oynaniyor-sam-birinci-futbol-ligi-1-grup-8-etap-maclari-sam-statlarinda-5-nisanda-duzenleniyor-liderligi-garantileyen-ordu-taki"],"_links":{"self":[{"href":"https:\/\/archive.sana.sy\/tr\/index.php?rest_route=\/wp\/v2\/posts\/25180","targetHints":{"allow":["GET"]}}],"collection":[{"href":"https:\/\/archive.sana.sy\/tr\/index.php?rest_route=\/wp\/v2\/posts"}],"about":[{"href":"https:\/\/archive.sana.sy\/tr\/index.php?rest_route=\/wp\/v2\/types\/post"}],"author":[{"embeddable":true,"href":"https:\/\/archive.sana.sy\/tr\/index.php?rest_route=\/wp\/v2\/users\/1"}],"replies":[{"embeddable":true,"href":"https:\/\/archive.sana.sy\/tr\/index.php?rest_route=%2Fwp%2Fv2%2Fcomments&post=25180"}],"version-history":[{"count":0,"href":"https:\/\/archive.sana.sy\/tr\/index.php?rest_route=\/wp\/v2\/posts\/25180\/revisions"}],"wp:featuredmedia":[{"embeddable":true,"href":"https:\/\/archive.sana.sy\/tr\/index.php?rest_route=\/wp\/v2\/media\/25181"}],"wp:attachment":[{"href":"https:\/\/archive.sana.sy\/tr\/index.php?rest_route=%2Fwp%2Fv2%2Fmedia&parent=25180"}],"wp:term":[{"taxonomy":"category","embeddable":true,"href":"https:\/\/archive.sana.sy\/tr\/index.php?rest_route=%2Fwp%2Fv2%2Fcategories&post=25180"},{"taxonomy":"post_tag","embeddable":true,"href":"https:\/\/archive.sana.sy\/tr\/index.php?rest_route=%2Fwp%2Fv2%2Ftags&post=25180"}],"curies":[{"name":"wp","href":"https:\/\/api.w.org\/{rel}","templated":true}]}}