{"id":25183,"date":"2015-03-01T10:35:43","date_gmt":"2015-03-01T08:35:43","guid":{"rendered":"http:\/\/www.sana.sy\/tr\/?p=25183"},"modified":"2015-03-01T10:35:43","modified_gmt":"2015-03-01T08:35:43","slug":"bae-ozel-sporlarda-uluslararasi-sampiyonlarda-suriye-13-madalya-kazandi","status":"publish","type":"post","link":"https:\/\/archive.sana.sy\/tr\/?p=25183","title":{"rendered":"BAE \u00d6zel Sporlarda Uluslararas\u0131 \u015eampiyonlarda Suriye 13 Madalya Kazand\u0131"},"content":{"rendered":"<p>ABU DAB\u0130 &#8211;\u00a0 Atletizm \u00d6zel Spor Dal\u0131nda Suriye Milli Tak\u0131m\u0131 Birle\u015fik Arap Emirlikleri\u2019nde d\u00fczenlenen bir dizi \u015fampiyonda, son ayak \u015earika\u2019da d\u00fczenlenen oyunlarda 2 alt\u0131n ve 1 Bronz madalya kazanarak kapatt\u0131.<\/p>\n<p>57. grupta m\u0131zrak dal\u0131nda Muhammed Halit el Muhammed 40,41 m\u2019lik derecesiyle alt\u0131n madalya kazan\u0131rken 53. Gruptaki arkada\u015f\u0131 Alaa Abdulselam ayn\u0131 dalda 15,70 m\u2019lik at\u0131\u015fla bronz madalyan\u0131n sahibi oldu.<\/p>\n<p>El Muhammed BAE\u2019nde d\u00fczenlenen \u015fampiyonalardaki madalya say\u0131s\u0131n\u0131 \u015earika\u2019da ald\u0131\u011f\u0131 g\u00fcm\u00fc\u015f madalya, Dubai Fezza B\u00fcy\u00fck \u00d6d\u00fcl \u015eampiyonas\u0131nda alt\u0131n, el Ayn m\u00fcsabakalar\u0131nda da iki alt\u0131n madalya ile 6 madalya kazanm\u0131\u015f oldu.<\/p>\n<p>42. gruptaki milli oyuncumuz Bessam Sevsak ise el Ayn \u015eampiyonas\u0131nda\u00a0 g\u00fclle atma dal\u0131nda alt\u0131n, \u015earika\u2019da bronz, Fezza \u015fampiyonas\u0131nda da m\u0131zrak ve g\u00fclle atmada 2 bronz madalya kazanm\u0131\u015ft\u0131.<\/p>\n<p>B\u00f6ylece milli sporcular\u0131m\u0131z\u0131n BAE\u2019nde d\u00fczenlenen uluslararas\u0131 \u015fampiyonalarda kazand\u0131\u011f\u0131 madalya say\u0131s\u0131 13 madalya oldu.<\/p>\n<p>S.\u015e. &#8211; R.H.<\/p>\n","protected":false},"excerpt":{"rendered":"<p>ABU DAB\u0130 &#8211;\u00a0 Atletizm \u00d6zel Spor Dal\u0131nda Suriye Milli Tak\u0131m\u0131 Birle\u015fik Arap Emirlikleri\u2019nde d\u00fczenlenen bir dizi \u015fampiyonda, son ayak \u015earika\u2019da d\u00fczenlenen oyunlarda 2 alt\u0131n ve 1 Bronz madalya kazanarak kapatt\u0131. 57. grupta m\u0131zrak dal\u0131nda Muhammed Halit el Muhammed 40,41 m\u2019lik derecesiyle alt\u0131n madalya kazan\u0131rken 53. Gruptaki arkada\u015f\u0131 Alaa Abdulselam ayn\u0131 dalda 15,70 m\u2019lik at\u0131\u015fla bronz &hellip;<\/p>\n","protected":false},"author":1,"featured_media":25184,"comment_status":"closed","ping_status":"closed","sticky":false,"template":"","format":"standard","meta":{"footnotes":""},"categories":[498,496],"tags":[11984,11985],"class_list":["post-25183","post","type-post","status-publish","format-standard","has-post-thumbnail","","category-dunya-turnuvalari","category-spor","tag-bae-ozel-sporlarda-uluslararasi-sampiyonlarda-suriye-13-madalya-kazandi-abu-dabi-atletizm-ozel-spor-dalinda-suriye-milli-takimi-birlesik-arap-emirliklerinde-duzenlenen-bir-dizi-sampiyonda","tag-son-ayak-sarikada-duzenlenen-oyunlarda-2-altin-ve-1-bronz-madalya-kazanarak-kapatti"],"_links":{"self":[{"href":"https:\/\/archive.sana.sy\/tr\/index.php?rest_route=\/wp\/v2\/posts\/25183","targetHints":{"allow":["GET"]}}],"collection":[{"href":"https:\/\/archive.sana.sy\/tr\/index.php?rest_route=\/wp\/v2\/posts"}],"about":[{"href":"https:\/\/archive.sana.sy\/tr\/index.php?rest_route=\/wp\/v2\/types\/post"}],"author":[{"embeddable":true,"href":"https:\/\/archive.sana.sy\/tr\/index.php?rest_route=\/wp\/v2\/users\/1"}],"replies":[{"embeddable":true,"href":"https:\/\/archive.sana.sy\/tr\/index.php?rest_route=%2Fwp%2Fv2%2Fcomments&post=25183"}],"version-history":[{"count":0,"href":"https:\/\/archive.sana.sy\/tr\/index.php?rest_route=\/wp\/v2\/posts\/25183\/revisions"}],"wp:featuredmedia":[{"embeddable":true,"href":"https:\/\/archive.sana.sy\/tr\/index.php?rest_route=\/wp\/v2\/media\/25184"}],"wp:attachment":[{"href":"https:\/\/archive.sana.sy\/tr\/index.php?rest_route=%2Fwp%2Fv2%2Fmedia&parent=25183"}],"wp:term":[{"taxonomy":"category","embeddable":true,"href":"https:\/\/archive.sana.sy\/tr\/index.php?rest_route=%2Fwp%2Fv2%2Fcategories&post=25183"},{"taxonomy":"post_tag","embeddable":true,"href":"https:\/\/archive.sana.sy\/tr\/index.php?rest_route=%2Fwp%2Fv2%2Ftags&post=25183"}],"curies":[{"name":"wp","href":"https:\/\/api.w.org\/{rel}","templated":true}]}}