{"id":251978,"date":"2022-03-23T18:44:36","date_gmt":"2022-03-23T16:44:36","guid":{"rendered":"http:\/\/107.6.182.27\/tr\/?p=251978"},"modified":"2022-03-25T09:05:51","modified_gmt":"2022-03-25T06:05:51","slug":"deyrezzor-al-carzi-koyu-ahalisi-dsg-milislerinin-uygulamalarini-protesto-etti","status":"publish","type":"post","link":"https:\/\/archive.sana.sy\/tr\/?p=251978","title":{"rendered":"Deyrezzor Al Carzi K\u00f6y\u00fc Ahalisi, DSG Milislerinin Uygulamalar\u0131n\u0131 Protesto Etti"},"content":{"rendered":"<p style=\"text-align: justify;\">DEYREZZOR &#8211; Deyrezzor do\u011fu k\u0131rsal\u0131ndaki Al Carzi k\u00f6y sakinleri, ABD destekli (DSG) milislerin k\u00f6ydeki kamusal ya\u015fama el koymas\u0131na, insanlar\u0131n ge\u00e7im kaynaklar\u0131n\u0131n kontrol\u00fcne ge\u00e7mesine yol a\u00e7an, gen\u00e7leri ka\u00e7\u0131rmaya ve onlar\u0131 kendi saflar\u0131nda sava\u015fmaya zorlamaya devam ettti\u011fi uygulamalar\u0131n\u0131 k\u0131nayan protesto g\u00f6sterisi d\u00fczenledi.<\/p>\n<p style=\"text-align: justify;\">Sivil kaynaklar SANA muhabirine yapt\u0131\u011f\u0131 a\u00e7\u0131klamada, Deyrezzor&#8217;un do\u011fu k\u0131rsal\u0131ndaki Al Carzi k\u00f6y\u00fcnde ya\u015fayan onlarca ki\u015finin bug\u00fcn k\u00f6y meydan\u0131nda protesto g\u00f6sterisi d\u00fczenledi\u011fini, bir yandan g\u00fcnl\u00fck ihtiya\u00e7lar\u0131 ve onlar\u0131 sava\u015fa zorlamak i\u00e7in gen\u00e7 erkekleri ka\u00e7\u0131rmaya devam etmesi di\u011fer yandan da k\u00f6t\u00fc ya\u015fam ko\u015fullar\u0131na ve temel kaynaklar\u0131n k\u0131tl\u0131\u011f\u0131na yol a\u00e7an b\u00f6lgenin mahsullerini ve zenginli\u011fini \u00e7alan ve b\u00f6lgeyi keyfi olarak kontrol eden (DSG) milislerinin uygulamalar\u0131n\u0131 k\u0131nayan sloganlar att\u0131\u011f\u0131n\u0131 s\u00f6yledi.<\/p>\n<p style=\"text-align: justify;\">Ahali, sahte gerek\u00e7elerle halka \u015fantaj yapmak, r\u00fc\u015fvet almak ve \u00e7ocuklar\u0131n\u0131 ka\u00e7\u0131rmak i\u00e7in \u00e7al\u0131\u015fan milislerin kurdu\u011fu silahl\u0131 bariyerlerin kald\u0131r\u0131lmas\u0131n\u0131 talep etti.<\/p>\n","protected":false},"excerpt":{"rendered":"<p>DEYREZZOR &#8211; Deyrezzor do\u011fu k\u0131rsal\u0131ndaki Al Carzi k\u00f6y sakinleri, ABD destekli (DSG) milislerin k\u00f6ydeki kamusal ya\u015fama el koymas\u0131na, insanlar\u0131n ge\u00e7im kaynaklar\u0131n\u0131n kontrol\u00fcne ge\u00e7mesine yol a\u00e7an, gen\u00e7leri ka\u00e7\u0131rmaya ve onlar\u0131 kendi saflar\u0131nda sava\u015fmaya zorlamaya devam ettti\u011fi uygulamalar\u0131n\u0131 k\u0131nayan protesto g\u00f6sterisi d\u00fczenledi. Sivil kaynaklar SANA muhabirine yapt\u0131\u011f\u0131 a\u00e7\u0131klamada, Deyrezzor&#8217;un do\u011fu k\u0131rsal\u0131ndaki Al Carzi k\u00f6y\u00fcnde ya\u015fayan onlarca ki\u015finin &hellip;<\/p>\n","protected":false},"author":1,"featured_media":251979,"comment_status":"closed","ping_status":"closed","sticky":false,"template":"","format":"standard","meta":{"footnotes":""},"categories":[479,575,17988,478],"tags":[],"class_list":["post-251978","post","type-post","status-publish","format-standard","has-post-thumbnail","","category-haberler-yerel","category-olaylar-ve-gercekler","category-son-haberler","category-yerel"],"_links":{"self":[{"href":"https:\/\/archive.sana.sy\/tr\/index.php?rest_route=\/wp\/v2\/posts\/251978","targetHints":{"allow":["GET"]}}],"collection":[{"href":"https:\/\/archive.sana.sy\/tr\/index.php?rest_route=\/wp\/v2\/posts"}],"about":[{"href":"https:\/\/archive.sana.sy\/tr\/index.php?rest_route=\/wp\/v2\/types\/post"}],"author":[{"embeddable":true,"href":"https:\/\/archive.sana.sy\/tr\/index.php?rest_route=\/wp\/v2\/users\/1"}],"replies":[{"embeddable":true,"href":"https:\/\/archive.sana.sy\/tr\/index.php?rest_route=%2Fwp%2Fv2%2Fcomments&post=251978"}],"version-history":[{"count":0,"href":"https:\/\/archive.sana.sy\/tr\/index.php?rest_route=\/wp\/v2\/posts\/251978\/revisions"}],"wp:featuredmedia":[{"embeddable":true,"href":"https:\/\/archive.sana.sy\/tr\/index.php?rest_route=\/wp\/v2\/media\/251979"}],"wp:attachment":[{"href":"https:\/\/archive.sana.sy\/tr\/index.php?rest_route=%2Fwp%2Fv2%2Fmedia&parent=251978"}],"wp:term":[{"taxonomy":"category","embeddable":true,"href":"https:\/\/archive.sana.sy\/tr\/index.php?rest_route=%2Fwp%2Fv2%2Fcategories&post=251978"},{"taxonomy":"post_tag","embeddable":true,"href":"https:\/\/archive.sana.sy\/tr\/index.php?rest_route=%2Fwp%2Fv2%2Ftags&post=251978"}],"curies":[{"name":"wp","href":"https:\/\/api.w.org\/{rel}","templated":true}]}}