{"id":252001,"date":"2022-03-24T10:47:36","date_gmt":"2022-03-24T08:47:36","guid":{"rendered":"http:\/\/107.6.182.27\/tr\/?p=252001"},"modified":"2022-03-25T09:08:51","modified_gmt":"2022-03-25T06:08:51","slug":"selemiyede-isid-artigi-bomba-duzenegi-patladi-bir-cocuk-ve-adam-yaralandi","status":"publish","type":"post","link":"https:\/\/archive.sana.sy\/tr\/?p=252001","title":{"rendered":"Selemiye&#8217;de &#8220;\u0130\u015e\u0130D&#8221; Art\u0131\u011f\u0131, Bomba D\u00fczene\u011fi Patlad\u0131 Bir \u00c7ocuk Ve Adam Yaraland\u0131"},"content":{"rendered":"<p>HAMA &#8211; Selemiye k\u0131rsal\u0131 Ar\u015funa k\u00f6y\u00fcnde \u2018\u0130\u015e\u0130D\u2019 ter\u00f6ristlerinin art\u0131klar\u0131ndan, bomba d\u00fczene\u011finin patlamas\u0131yla bir \u00e7ocuk ve bir adam yaraland\u0131.<\/p>\n<p>SANA muhabiri, Hama Selemiye k\u0131rsal\u0131ndaki Ar\u015funa k\u00f6y\u00fcnde \u2018\u0130\u015e\u0130D\u2019 ter\u00f6r \u00f6rg\u00fct\u00fcn\u00fcn art\u0131klar\u0131ndan bomba d\u00fczene\u011finin patlamas\u0131y sonucunda, bir \u00e7ocuk ve bir adam\u0131n yaraland\u0131\u011f\u0131n\u0131 s\u00f6yledi.<\/p>\n","protected":false},"excerpt":{"rendered":"<p>HAMA &#8211; Selemiye k\u0131rsal\u0131 Ar\u015funa k\u00f6y\u00fcnde \u2018\u0130\u015e\u0130D\u2019 ter\u00f6ristlerinin art\u0131klar\u0131ndan, bomba d\u00fczene\u011finin patlamas\u0131yla bir \u00e7ocuk ve bir adam yaraland\u0131. SANA muhabiri, Hama Selemiye k\u0131rsal\u0131ndaki Ar\u015funa k\u00f6y\u00fcnde \u2018\u0130\u015e\u0130D\u2019 ter\u00f6r \u00f6rg\u00fct\u00fcn\u00fcn art\u0131klar\u0131ndan bomba d\u00fczene\u011finin patlamas\u0131y sonucunda, bir \u00e7ocuk ve bir adam\u0131n yaraland\u0131\u011f\u0131n\u0131 s\u00f6yledi.<\/p>\n","protected":false},"author":1,"featured_media":252002,"comment_status":"closed","ping_status":"closed","sticky":false,"template":"","format":"standard","meta":{"footnotes":""},"categories":[479,575,17988,478],"tags":[],"class_list":["post-252001","post","type-post","status-publish","format-standard","has-post-thumbnail","","category-haberler-yerel","category-olaylar-ve-gercekler","category-son-haberler","category-yerel"],"_links":{"self":[{"href":"https:\/\/archive.sana.sy\/tr\/index.php?rest_route=\/wp\/v2\/posts\/252001","targetHints":{"allow":["GET"]}}],"collection":[{"href":"https:\/\/archive.sana.sy\/tr\/index.php?rest_route=\/wp\/v2\/posts"}],"about":[{"href":"https:\/\/archive.sana.sy\/tr\/index.php?rest_route=\/wp\/v2\/types\/post"}],"author":[{"embeddable":true,"href":"https:\/\/archive.sana.sy\/tr\/index.php?rest_route=\/wp\/v2\/users\/1"}],"replies":[{"embeddable":true,"href":"https:\/\/archive.sana.sy\/tr\/index.php?rest_route=%2Fwp%2Fv2%2Fcomments&post=252001"}],"version-history":[{"count":0,"href":"https:\/\/archive.sana.sy\/tr\/index.php?rest_route=\/wp\/v2\/posts\/252001\/revisions"}],"wp:featuredmedia":[{"embeddable":true,"href":"https:\/\/archive.sana.sy\/tr\/index.php?rest_route=\/wp\/v2\/media\/252002"}],"wp:attachment":[{"href":"https:\/\/archive.sana.sy\/tr\/index.php?rest_route=%2Fwp%2Fv2%2Fmedia&parent=252001"}],"wp:term":[{"taxonomy":"category","embeddable":true,"href":"https:\/\/archive.sana.sy\/tr\/index.php?rest_route=%2Fwp%2Fv2%2Fcategories&post=252001"},{"taxonomy":"post_tag","embeddable":true,"href":"https:\/\/archive.sana.sy\/tr\/index.php?rest_route=%2Fwp%2Fv2%2Ftags&post=252001"}],"curies":[{"name":"wp","href":"https:\/\/api.w.org\/{rel}","templated":true}]}}