{"id":252045,"date":"2022-03-24T19:47:53","date_gmt":"2022-03-24T17:47:53","guid":{"rendered":"http:\/\/107.6.182.27\/tr\/?p=252045"},"modified":"2022-03-25T09:10:32","modified_gmt":"2022-03-25T06:10:32","slug":"dunya-tuberkuloz-gununde-suriyede-3-300den-fazla-tuberkuloz-vakasi-13-merkezde-tedavi-ucretsiz","status":"publish","type":"post","link":"https:\/\/archive.sana.sy\/tr\/?p=252045","title":{"rendered":"D\u00fcnya T\u00fcberk\u00fcloz G\u00fcn\u00fcnde.. Suriye&#8217;de 3.300&#8217;den Fazla T\u00fcberk\u00fcloz Vakas\u0131, 13 Merkezde Tedavi \u00dccretsiz"},"content":{"rendered":"<p style=\"text-align: justify;\">\u015eAM &#8211; Sa\u011fl\u0131k Bakanl\u0131\u011f\u0131, Ulusal T\u00fcberk\u00fcloz Kontrol Program\u0131 ile muhtelif illerdeki 13 uzman merkez arac\u0131l\u0131\u011f\u0131yla hastalara \u00fccretsiz tan\u0131 ve tedavi hizmetleri sunmaya devam ederken, temasl\u0131lar\u0131 ara\u015ft\u0131rarak enfeksiyonun yay\u0131lmas\u0131n\u0131 s\u0131n\u0131rlamak ve hastal\u0131\u011f\u0131n aktif hastal\u0131k haline gelmeden \u00f6nce durumlar\u0131n\u0131 y\u00f6netmek i\u00e7in \u00e7al\u0131\u015f\u0131yor.<\/p>\n<p style=\"text-align: justify;\">Sa\u011fl\u0131k Bakan\u0131 Dr. Muhammad Al Gabba\u015f, D\u00fcnya T\u00fcberk\u00fcloz G\u00fcn\u00fc m\u00fcnasebetiyle Sa\u011fl\u0131k Bakanl\u0131\u011f\u0131 taraf\u0131ndan D\u00fcnya Sa\u011fl\u0131k \u00d6rg\u00fct\u00fc i\u015f birli\u011fiyle \u015eam&#8217;daki Four Seasons Otel&#8217;de d\u00fczenlenen sempozyumda t\u00fcberk\u00fcloz vakalar\u0131n\u0131n say\u0131s\u0131n\u0131n, 17 diren\u00e7li t\u00fcberk\u00fcloz hastas\u0131, takip ve tedavi edilen 7100 temasl\u0131ya ek olarak ge\u00e7en y\u0131l ke\u015ffedilen vaka say\u0131s\u0131n\u0131n 3.357&#8217;ye ula\u015ft\u0131\u011f\u0131n\u0131 belirtti.<\/p>\n<p style=\"text-align: justify;\">Sa\u011fl\u0131k Bakan\u0131, Suriye&#8217;ye uygulanan haks\u0131z ekonomik ablukan\u0131n zorluklar\u0131na ra\u011fmen t\u00fcberk\u00fcloz hastalar\u0131 i\u00e7in sa\u011fl\u0131k hizmetinin ve ara\u015ft\u0131rma t\u0131bbi hizmetlerinin sunumunun devam etti\u011fini belirtti.<\/p>\n<p style=\"text-align: justify;\">D\u00fcnya Sa\u011fl\u0131k \u00d6rg\u00fct\u00fc temsilcisi Dr. Akcemal Mahtimova, uluslararas\u0131 toplumun hastal\u0131\u011f\u0131 ele alma \u00e7abalar\u0131n\u0131 b\u00fct\u00fcnle\u015ftirmenin, d\u00fcnyadaki milyonlarca enfekte insan\u0131n ac\u0131s\u0131n\u0131 azaltman\u0131n, isabet ve \u00f6l\u00fcmlerin azalt\u0131lmas\u0131na katk\u0131da bulunman\u0131n \u00f6nemine dikkat \u00e7ekti.<\/p>\n<p style=\"text-align: justify;\">Suriye T\u00fcberk\u00fcloz ve Solunum Hastal\u0131klar\u0131 Kontrol Derne\u011fi ba\u015fkan\u0131 Dr. Hazem Bakla, derne\u011fin hastal\u0131\u011f\u0131n tehlikeleri konusunda fark\u0131ndal\u0131k yaratma ve hastalar\u0131 desteklemedeki rol\u00fcn\u00fc sundu.<\/p>\n<p style=\"text-align: justify;\">D\u00fcnya Sa\u011fl\u0131k \u00d6rg\u00fct\u00fc raporlar\u0131nda, 2000 y\u0131l\u0131ndan bu yana 66 milyon hayat kurtar\u0131l\u0131rken, Covid-19 pandemisinin kazan\u0131mlar\u0131 baltalad\u0131\u011f\u0131n\u0131 ve on y\u0131l\u0131 a\u015fk\u0131n bir s\u00fcredir ilk kez 2020&#8217;de t\u00fcberk\u00fclozdan \u00f6l\u00fcmlerde art\u0131\u015f g\u00f6r\u00fcld\u00fc\u011f\u00fcn\u00fc belirtti.<\/p>\n<p style=\"text-align: justify;\">D\u00fcnya Sa\u011fl\u0131k \u00d6rg\u00fct\u00fc&#8217;ne g\u00f6re, 24 Mart&#8217;a denk gelen D\u00fcnya T\u00fcberk\u00fcloz G\u00fcn\u00fc, hala d\u00fcnyan\u0131n en \u00f6l\u00fcmc\u00fcl bula\u015f\u0131c\u0131 hastal\u0131klar\u0131ndan biri olan bu hastal\u0131\u011fa kar\u015f\u0131 idrak i\u00e7erisinde olmay\u0131 ama\u00e7l\u0131yor.<\/p>\n","protected":false},"excerpt":{"rendered":"<p>\u015eAM &#8211; Sa\u011fl\u0131k Bakanl\u0131\u011f\u0131, Ulusal T\u00fcberk\u00fcloz Kontrol Program\u0131 ile muhtelif illerdeki 13 uzman merkez arac\u0131l\u0131\u011f\u0131yla hastalara \u00fccretsiz tan\u0131 ve tedavi hizmetleri sunmaya devam ederken, temasl\u0131lar\u0131 ara\u015ft\u0131rarak enfeksiyonun yay\u0131lmas\u0131n\u0131 s\u0131n\u0131rlamak ve hastal\u0131\u011f\u0131n aktif hastal\u0131k haline gelmeden \u00f6nce durumlar\u0131n\u0131 y\u00f6netmek i\u00e7in \u00e7al\u0131\u015f\u0131yor. Sa\u011fl\u0131k Bakan\u0131 Dr. Muhammad Al Gabba\u015f, D\u00fcnya T\u00fcberk\u00fcloz G\u00fcn\u00fc m\u00fcnasebetiyle Sa\u011fl\u0131k Bakanl\u0131\u011f\u0131 taraf\u0131ndan D\u00fcnya Sa\u011fl\u0131k &hellip;<\/p>\n","protected":false},"author":1,"featured_media":252046,"comment_status":"closed","ping_status":"closed","sticky":false,"template":"","format":"standard","meta":{"footnotes":""},"categories":[526,479,17988,525,478],"tags":[],"class_list":["post-252045","post","type-post","status-publish","format-standard","has-post-thumbnail","","category-haber-ve-raporlar","category-haberler-yerel","category-son-haberler","category-toplum","category-yerel"],"_links":{"self":[{"href":"https:\/\/archive.sana.sy\/tr\/index.php?rest_route=\/wp\/v2\/posts\/252045","targetHints":{"allow":["GET"]}}],"collection":[{"href":"https:\/\/archive.sana.sy\/tr\/index.php?rest_route=\/wp\/v2\/posts"}],"about":[{"href":"https:\/\/archive.sana.sy\/tr\/index.php?rest_route=\/wp\/v2\/types\/post"}],"author":[{"embeddable":true,"href":"https:\/\/archive.sana.sy\/tr\/index.php?rest_route=\/wp\/v2\/users\/1"}],"replies":[{"embeddable":true,"href":"https:\/\/archive.sana.sy\/tr\/index.php?rest_route=%2Fwp%2Fv2%2Fcomments&post=252045"}],"version-history":[{"count":0,"href":"https:\/\/archive.sana.sy\/tr\/index.php?rest_route=\/wp\/v2\/posts\/252045\/revisions"}],"wp:featuredmedia":[{"embeddable":true,"href":"https:\/\/archive.sana.sy\/tr\/index.php?rest_route=\/wp\/v2\/media\/252046"}],"wp:attachment":[{"href":"https:\/\/archive.sana.sy\/tr\/index.php?rest_route=%2Fwp%2Fv2%2Fmedia&parent=252045"}],"wp:term":[{"taxonomy":"category","embeddable":true,"href":"https:\/\/archive.sana.sy\/tr\/index.php?rest_route=%2Fwp%2Fv2%2Fcategories&post=252045"},{"taxonomy":"post_tag","embeddable":true,"href":"https:\/\/archive.sana.sy\/tr\/index.php?rest_route=%2Fwp%2Fv2%2Ftags&post=252045"}],"curies":[{"name":"wp","href":"https:\/\/api.w.org\/{rel}","templated":true}]}}