{"id":25205,"date":"2015-03-01T11:28:28","date_gmt":"2015-03-01T09:28:28","guid":{"rendered":"http:\/\/www.sana.sy\/tr\/?p=25205"},"modified":"2015-03-01T11:28:28","modified_gmt":"2015-03-01T09:28:28","slug":"sana-haseke-muhabiri-ordu-ve-silahli-kuvvetlerimize-tabi-birliklerimizin-haseke-kirsali-meylebiye-bolgesindeki-abyad-ve-davudiye-koylerinde-cok-sayida-isid-teroristini-oldurduklerini-bir-cok-araclar","status":"publish","type":"post","link":"https:\/\/archive.sana.sy\/tr\/?p=25205","title":{"rendered":"SANA Haseke Muhabiri, ordu ve silahl\u0131 kuvvetlerimize tabi birliklerimizin Haseke k\u0131rsal\u0131 Meylebiye B\u00f6lgesindeki Abyad ve Davudiye K\u00f6ylerinde  \u00e7ok say\u0131da I\u015e\u0130D ter\u00f6ristini \u00f6ld\u00fcrd\u00fcklerini bir \u00e7ok ara\u00e7lar\u0131n\u0131 da imha ettiklerini s\u00f6yledi."},"content":{"rendered":"<p>SANA Haseke Muhabiri, ordu ve silahl\u0131 kuvvetlerimize tabi birliklerimizin Haseke k\u0131rsal\u0131 Meylebiye B\u00f6lgesindeki Abyad ve Davudiye K\u00f6ylerinde\u00a0 \u00e7ok say\u0131da I\u015e\u0130D ter\u00f6ristini \u00f6ld\u00fcrd\u00fcklerini bir \u00e7ok ara\u00e7lar\u0131n\u0131 da imha ettiklerini s\u00f6yledi.<\/p>\n","protected":false},"excerpt":{"rendered":"<p>SANA Haseke Muhabiri, ordu ve silahl\u0131 kuvvetlerimize tabi birliklerimizin Haseke k\u0131rsal\u0131 Meylebiye B\u00f6lgesindeki Abyad ve Davudiye K\u00f6ylerinde\u00a0 \u00e7ok say\u0131da I\u015e\u0130D ter\u00f6ristini \u00f6ld\u00fcrd\u00fcklerini bir \u00e7ok ara\u00e7lar\u0131n\u0131 da imha ettiklerini s\u00f6yledi.<\/p>\n","protected":false},"author":1,"featured_media":0,"comment_status":"closed","ping_status":"closed","sticky":false,"template":"","format":"standard","meta":{"footnotes":""},"categories":[1],"tags":[11987,11986],"class_list":["post-25205","post","type-post","status-publish","format-standard","","category-news-not-sorted","tag-ordu-ve-silahli-kuvvetlerimize-tabi-birliklerimizin-haseke-kirsali-meylebiye-bolgesindeki-abyad-ve-davudiye-koylerinde-cok-sayida-isid-teroristini-oldurduklerini-bir-cok-araclarini-da-imha-ettiklerini","tag-sana-haseke-muhabiri"],"_links":{"self":[{"href":"https:\/\/archive.sana.sy\/tr\/index.php?rest_route=\/wp\/v2\/posts\/25205","targetHints":{"allow":["GET"]}}],"collection":[{"href":"https:\/\/archive.sana.sy\/tr\/index.php?rest_route=\/wp\/v2\/posts"}],"about":[{"href":"https:\/\/archive.sana.sy\/tr\/index.php?rest_route=\/wp\/v2\/types\/post"}],"author":[{"embeddable":true,"href":"https:\/\/archive.sana.sy\/tr\/index.php?rest_route=\/wp\/v2\/users\/1"}],"replies":[{"embeddable":true,"href":"https:\/\/archive.sana.sy\/tr\/index.php?rest_route=%2Fwp%2Fv2%2Fcomments&post=25205"}],"version-history":[{"count":0,"href":"https:\/\/archive.sana.sy\/tr\/index.php?rest_route=\/wp\/v2\/posts\/25205\/revisions"}],"wp:attachment":[{"href":"https:\/\/archive.sana.sy\/tr\/index.php?rest_route=%2Fwp%2Fv2%2Fmedia&parent=25205"}],"wp:term":[{"taxonomy":"category","embeddable":true,"href":"https:\/\/archive.sana.sy\/tr\/index.php?rest_route=%2Fwp%2Fv2%2Fcategories&post=25205"},{"taxonomy":"post_tag","embeddable":true,"href":"https:\/\/archive.sana.sy\/tr\/index.php?rest_route=%2Fwp%2Fv2%2Ftags&post=25205"}],"curies":[{"name":"wp","href":"https:\/\/api.w.org\/{rel}","templated":true}]}}