{"id":25207,"date":"2015-03-01T11:35:52","date_gmt":"2015-03-01T09:35:52","guid":{"rendered":"http:\/\/www.sana.sy\/tr\/?p=25207"},"modified":"2015-03-01T11:35:52","modified_gmt":"2015-03-01T09:35:52","slug":"sananin-haseke-muhabiri-ordu-birliklerimizin-haseke-kirsalinin-abyad-ve-davudiye-koylerine-ilaveten-meylebiye-bolgesinde-isidli-cok-sayida-teroristi-etkisizlestirdiklerini-aktardi","status":"publish","type":"post","link":"https:\/\/archive.sana.sy\/tr\/?p=25207","title":{"rendered":"SANA&#8217;n\u0131n Haseke muhabiri ordu birliklerimizin Haseke k\u0131rsal\u0131n\u0131n Abyad ve Davudiye  k\u00f6ylerine ilaveten Meylebiye B\u00f6lgesinde I\u015e\u0130D\u2019li \u00e7ok say\u0131da ter\u00f6risti  etkisizle\u015ftirdiklerini aktard\u0131."},"content":{"rendered":"<p>SANA&#8217;n\u0131n Haseke muhabiri ordu birliklerimizin Haseke k\u0131rsal\u0131n\u0131n Abyad ve Davudiye<br \/>\nk\u00f6ylerine ilaveten Meylebiye B\u00f6lgesinde I\u015e\u0130D\u2019li \u00e7ok say\u0131da ter\u00f6risti<br \/>\netkisizle\u015ftirdiklerini aktard\u0131.<\/p>\n","protected":false},"excerpt":{"rendered":"<p>SANA&#8217;n\u0131n Haseke muhabiri ordu birliklerimizin Haseke k\u0131rsal\u0131n\u0131n Abyad ve Davudiye k\u00f6ylerine ilaveten Meylebiye B\u00f6lgesinde I\u015e\u0130D\u2019li \u00e7ok say\u0131da ter\u00f6risti etkisizle\u015ftirdiklerini aktard\u0131.<\/p>\n","protected":false},"author":1,"featured_media":0,"comment_status":"closed","ping_status":"closed","sticky":false,"template":"","format":"standard","meta":{"footnotes":""},"categories":[1],"tags":[11988],"class_list":["post-25207","post","type-post","status-publish","format-standard","","category-news-not-sorted","tag-sananin-haseke-muhabiri-ordu-birliklerimizin-haseke-kirsalinin-abyad-ve-davudiye-koylerine-ilaveten-meylebiye-bolgesinde-isidli-cok-sayida-teroristi-etkisizlestirdiklerini-aktardi"],"_links":{"self":[{"href":"https:\/\/archive.sana.sy\/tr\/index.php?rest_route=\/wp\/v2\/posts\/25207","targetHints":{"allow":["GET"]}}],"collection":[{"href":"https:\/\/archive.sana.sy\/tr\/index.php?rest_route=\/wp\/v2\/posts"}],"about":[{"href":"https:\/\/archive.sana.sy\/tr\/index.php?rest_route=\/wp\/v2\/types\/post"}],"author":[{"embeddable":true,"href":"https:\/\/archive.sana.sy\/tr\/index.php?rest_route=\/wp\/v2\/users\/1"}],"replies":[{"embeddable":true,"href":"https:\/\/archive.sana.sy\/tr\/index.php?rest_route=%2Fwp%2Fv2%2Fcomments&post=25207"}],"version-history":[{"count":0,"href":"https:\/\/archive.sana.sy\/tr\/index.php?rest_route=\/wp\/v2\/posts\/25207\/revisions"}],"wp:attachment":[{"href":"https:\/\/archive.sana.sy\/tr\/index.php?rest_route=%2Fwp%2Fv2%2Fmedia&parent=25207"}],"wp:term":[{"taxonomy":"category","embeddable":true,"href":"https:\/\/archive.sana.sy\/tr\/index.php?rest_route=%2Fwp%2Fv2%2Fcategories&post=25207"},{"taxonomy":"post_tag","embeddable":true,"href":"https:\/\/archive.sana.sy\/tr\/index.php?rest_route=%2Fwp%2Fv2%2Ftags&post=25207"}],"curies":[{"name":"wp","href":"https:\/\/api.w.org\/{rel}","templated":true}]}}