{"id":25209,"date":"2015-03-01T11:49:18","date_gmt":"2015-03-01T09:49:18","guid":{"rendered":"http:\/\/www.sana.sy\/tr\/?p=25209"},"modified":"2015-03-01T11:49:18","modified_gmt":"2015-03-01T09:49:18","slug":"askeri-kaynak-ordu-birliklerimizin-halep-ve-kirsalinin-hanano-sahur-leyremun-seyh-said-eski-halep-maarat-artik-kefar-hamra-musaybin-ve-han-tuman-bolgelerinde-cok-sayida-teroristi-olu-ve-yarali","status":"publish","type":"post","link":"https:\/\/archive.sana.sy\/tr\/?p=25209","title":{"rendered":"Askeri kaynak, ordu birliklerimizin Halep ve k\u0131rsal\u0131n\u0131n Hanano, Sahur, Leyremun, \u015eeyh Said, Eski Halep, Maarat Artik, Kefar Hamra, Musaybin ve Han Tuman b\u00f6lgelerinde \u00e7ok say\u0131da ter\u00f6risti \u00f6l\u00fc ve yaral\u0131 d\u00fc\u015f\u00fcrd\u00fcklerini belirtti."},"content":{"rendered":"<p>Askeri kaynak, ordu birliklerimizin Halep ve k\u0131rsal\u0131n\u0131n Hanano, Sahur, Leyremun, \u015eeyh Said, Eski Halep, Maarat Artik, Kefar Hamra, Musaybin ve Han Tuman b\u00f6lgelerinde \u00e7ok say\u0131da ter\u00f6risti \u00f6l\u00fc ve yaral\u0131 d\u00fc\u015f\u00fcrd\u00fcklerini belirtti.<\/p>\n","protected":false},"excerpt":{"rendered":"<p>Askeri kaynak, ordu birliklerimizin Halep ve k\u0131rsal\u0131n\u0131n Hanano, Sahur, Leyremun, \u015eeyh Said, Eski Halep, Maarat Artik, Kefar Hamra, Musaybin ve Han Tuman b\u00f6lgelerinde \u00e7ok say\u0131da ter\u00f6risti \u00f6l\u00fc ve yaral\u0131 d\u00fc\u015f\u00fcrd\u00fcklerini belirtti.<\/p>\n","protected":false},"author":1,"featured_media":0,"comment_status":"closed","ping_status":"closed","sticky":false,"template":"","format":"standard","meta":{"footnotes":""},"categories":[1],"tags":[1031,3229,6066,3166,6641,11991,11989,11990,4396],"class_list":["post-25209","post","type-post","status-publish","format-standard","","category-news-not-sorted","tag-askeri-kaynak","tag-eski-halep","tag-kefar-hamra","tag-leyremun","tag-maarat-artik","tag-musaybin-ve-han-tuman-bolgelerinde-cok-sayida-teroristi-olu-ve-yarali-dusurduklerini-belirtti","tag-ordu-birliklerimizin-halep-ve-kirsalinin-hanano","tag-sahur","tag-seyh-said"],"_links":{"self":[{"href":"https:\/\/archive.sana.sy\/tr\/index.php?rest_route=\/wp\/v2\/posts\/25209","targetHints":{"allow":["GET"]}}],"collection":[{"href":"https:\/\/archive.sana.sy\/tr\/index.php?rest_route=\/wp\/v2\/posts"}],"about":[{"href":"https:\/\/archive.sana.sy\/tr\/index.php?rest_route=\/wp\/v2\/types\/post"}],"author":[{"embeddable":true,"href":"https:\/\/archive.sana.sy\/tr\/index.php?rest_route=\/wp\/v2\/users\/1"}],"replies":[{"embeddable":true,"href":"https:\/\/archive.sana.sy\/tr\/index.php?rest_route=%2Fwp%2Fv2%2Fcomments&post=25209"}],"version-history":[{"count":0,"href":"https:\/\/archive.sana.sy\/tr\/index.php?rest_route=\/wp\/v2\/posts\/25209\/revisions"}],"wp:attachment":[{"href":"https:\/\/archive.sana.sy\/tr\/index.php?rest_route=%2Fwp%2Fv2%2Fmedia&parent=25209"}],"wp:term":[{"taxonomy":"category","embeddable":true,"href":"https:\/\/archive.sana.sy\/tr\/index.php?rest_route=%2Fwp%2Fv2%2Fcategories&post=25209"},{"taxonomy":"post_tag","embeddable":true,"href":"https:\/\/archive.sana.sy\/tr\/index.php?rest_route=%2Fwp%2Fv2%2Ftags&post=25209"}],"curies":[{"name":"wp","href":"https:\/\/api.w.org\/{rel}","templated":true}]}}