{"id":252146,"date":"2022-03-25T16:25:34","date_gmt":"2022-03-25T13:25:34","guid":{"rendered":"http:\/\/107.6.182.27\/tr\/?p=252146"},"modified":"2022-03-26T08:56:43","modified_gmt":"2022-03-26T05:56:43","slug":"rus-ilkyardimi-harkov-eyaletine-120-tondan-fazla-insani-yardim-ulastirdi","status":"publish","type":"post","link":"https:\/\/archive.sana.sy\/tr\/?p=252146","title":{"rendered":"Rus \u0130lkyard\u0131m\u0131, Harkov Eyaletine 120 Tondan Fazla \u0130nsani Yard\u0131m Ula\u015ft\u0131rd\u0131"},"content":{"rendered":"<p style=\"text-align: justify;\">MOSKOVA &#8211; Rusya Acil Durumlar Bakanl\u0131\u011f\u0131, Rus Ulusal Muhaf\u0131zlar\u0131 ile i\u015fbirli\u011fi i\u00e7inde Ukrayna&#8217;n\u0131n Harkov eyaletine 120 tondan fazla insani yard\u0131m ula\u015ft\u0131rd\u0131\u011f\u0131n\u0131 ilan etti.<\/p>\n<p style=\"text-align: justify;\">TASS haber ajans\u0131 bug\u00fcn bakanl\u0131\u011f\u0131n yapt\u0131\u011f\u0131 a\u00e7\u0131klamadan naklen, yard\u0131m y\u00fckl\u00fc 12 t\u0131rl\u0131k bir konvoyun Rus muhaf\u0131zlar\u0131 e\u015fli\u011finde Harkov b\u00f6lgesine ula\u015ft\u0131\u011f\u0131n\u0131 bildirdi.<\/p>\n<p style=\"text-align: justify;\">Yard\u0131mlar, g\u0131da, \u00e7ocuklar i\u00e7in hijyen malzemeleri, giysiler, temel ihtiya\u00e7lar ve ev e\u015fyalar\u0131n\u0131 i\u00e7eriyor.<\/p>\n<p style=\"text-align: justify;\">Bu yard\u0131mlar, Kobyansk, Dvorechnaya, Veliky Berluk, Bely Kolodiz, Prikolotnoye, Volchansk ve Olkhovatka gibi bir\u00e7ok yerle\u015fim yerine ula\u015ft\u0131 ve s\u00f6z konusu \u015fehir ve beldelerde ba\u015fta ihtiya\u00e7 sahipleri olmak \u00fczere ahaliye da\u011f\u0131t\u0131lmas\u0131 i\u00e7in bu \u015fehir ve beldelerin y\u00f6netim ba\u015fkanlar\u0131na teslim edildi.<\/p>\n<p style=\"text-align: justify;\">Bug\u00fcn erken saatlerde Rusya Savunma Bakanl\u0131\u011f\u0131, Ukrayna&#8217;n\u0131n g\u00fcneyindeki Herson Eyaleti sakinlerine 20 ton insani yard\u0131m\u0131n ula\u015ft\u0131r\u0131ld\u0131\u011f\u0131n\u0131 duyurmu\u015ftu.<\/p>\n","protected":false},"excerpt":{"rendered":"<p>MOSKOVA &#8211; Rusya Acil Durumlar Bakanl\u0131\u011f\u0131, Rus Ulusal Muhaf\u0131zlar\u0131 ile i\u015fbirli\u011fi i\u00e7inde Ukrayna&#8217;n\u0131n Harkov eyaletine 120 tondan fazla insani yard\u0131m ula\u015ft\u0131rd\u0131\u011f\u0131n\u0131 ilan etti. TASS haber ajans\u0131 bug\u00fcn bakanl\u0131\u011f\u0131n yapt\u0131\u011f\u0131 a\u00e7\u0131klamadan naklen, yard\u0131m y\u00fckl\u00fc 12 t\u0131rl\u0131k bir konvoyun Rus muhaf\u0131zlar\u0131 e\u015fli\u011finde Harkov b\u00f6lgesine ula\u015ft\u0131\u011f\u0131n\u0131 bildirdi. Yard\u0131mlar, g\u0131da, \u00e7ocuklar i\u00e7in hijyen malzemeleri, giysiler, temel ihtiya\u00e7lar ve ev &hellip;<\/p>\n","protected":false},"author":1,"featured_media":252147,"comment_status":"closed","ping_status":"closed","sticky":false,"template":"","format":"standard","meta":{"footnotes":""},"categories":[458,459,17988],"tags":[],"class_list":["post-252146","post","type-post","status-publish","format-standard","has-post-thumbnail","","category-dunya1","category-haberler-arap-uluslararasi-politika","category-son-haberler"],"_links":{"self":[{"href":"https:\/\/archive.sana.sy\/tr\/index.php?rest_route=\/wp\/v2\/posts\/252146","targetHints":{"allow":["GET"]}}],"collection":[{"href":"https:\/\/archive.sana.sy\/tr\/index.php?rest_route=\/wp\/v2\/posts"}],"about":[{"href":"https:\/\/archive.sana.sy\/tr\/index.php?rest_route=\/wp\/v2\/types\/post"}],"author":[{"embeddable":true,"href":"https:\/\/archive.sana.sy\/tr\/index.php?rest_route=\/wp\/v2\/users\/1"}],"replies":[{"embeddable":true,"href":"https:\/\/archive.sana.sy\/tr\/index.php?rest_route=%2Fwp%2Fv2%2Fcomments&post=252146"}],"version-history":[{"count":0,"href":"https:\/\/archive.sana.sy\/tr\/index.php?rest_route=\/wp\/v2\/posts\/252146\/revisions"}],"wp:featuredmedia":[{"embeddable":true,"href":"https:\/\/archive.sana.sy\/tr\/index.php?rest_route=\/wp\/v2\/media\/252147"}],"wp:attachment":[{"href":"https:\/\/archive.sana.sy\/tr\/index.php?rest_route=%2Fwp%2Fv2%2Fmedia&parent=252146"}],"wp:term":[{"taxonomy":"category","embeddable":true,"href":"https:\/\/archive.sana.sy\/tr\/index.php?rest_route=%2Fwp%2Fv2%2Fcategories&post=252146"},{"taxonomy":"post_tag","embeddable":true,"href":"https:\/\/archive.sana.sy\/tr\/index.php?rest_route=%2Fwp%2Fv2%2Ftags&post=252146"}],"curies":[{"name":"wp","href":"https:\/\/api.w.org\/{rel}","templated":true}]}}