{"id":252149,"date":"2022-03-25T16:33:56","date_gmt":"2022-03-25T13:33:56","guid":{"rendered":"http:\/\/107.6.182.27\/tr\/?p=252149"},"modified":"2022-03-26T10:23:18","modified_gmt":"2022-03-26T07:23:18","slug":"lavrov-bati-rusyaya-karsi-topyekun-bir-devsirme-savasi-ilan-etti","status":"publish","type":"post","link":"https:\/\/archive.sana.sy\/tr\/?p=252149","title":{"rendered":"Lavrov: Bat\u0131, Rusya&#8217;ya Kar\u015f\u0131 Kapsaml\u0131 Bir Hibrit Sava\u015f\u0131 \u0130lan Etti"},"content":{"rendered":"<p style=\"text-align: justify;\">MOSKOVA &#8211; Rusya D\u0131\u015fi\u015fleri Bakan\u0131 Sergey Lavrov, Bat\u0131&#8217;n\u0131n Rusya&#8217;ya kar\u015f\u0131 ger\u00e7ek ve kapsaml\u0131 bir hibrit sava\u015f\u0131 ilan etti\u011fini, ekonomisini bo\u011farak ve yok ederek hedeflerini gizlemedi\u011fini, bunda da ba\u015far\u0131s\u0131z olaca\u011f\u0131n\u0131 belirtti.<\/p>\n<p style=\"text-align: justify;\">Lavrov, Kamu Diplomasisini Destekleme Fonu&#8217;nun bug\u00fcn Moskova&#8217;daki toplant\u0131s\u0131nda yapt\u0131\u011f\u0131 konu\u015fmada \u015funlar\u0131 s\u00f6yledi: Bize kar\u015f\u0131 ger\u00e7ek, tam bir hibrit sava\u015f\u0131 ilan ettiler.. Nazi Almanyas\u0131&#8217;n\u0131n kulland\u0131\u011f\u0131 bu tabir art\u0131k bir\u00e7ok Avrupal\u0131 \u200b\u200bpolitikac\u0131 taraf\u0131ndan Rusya ile ne yapmak istediklerini s\u00f6ylerken kullan\u0131lmaktad\u0131r&#8221; diyerek;<\/p>\n<p style=\"text-align: justify;\">&#8220;Bat\u0131, Rus ekonomisini ve genel olarak Rusya&#8217;y\u0131 yok etme ve bo\u011fma hedeflerini hi\u00e7bir \u015fekilde gizlemiyor, ancak bunu ba\u015faramayacakt\u0131r&#8221; diye ifade etti.<\/p>\n<p style=\"text-align: justify;\">Lavrov, Ukrayna&#8217;daki krizin arkas\u0131nda ABD ve Bat\u0131&#8217;n\u0131n, NATO&#8217;yu do\u011fuya do\u011fru geni\u015fletmeye \u00e7al\u0131\u015fanlar\u0131n ve Kiev&#8217;i Rusya&#8217;n\u0131n g\u00fcvenli\u011fini tehdit etmeye ve Donbass krizini askeri olarak \u00e7\u00f6zmeye itenlerin kendileri oldu\u011funa i\u015faret ederek, Minsk anla\u015fmalar\u0131n\u0131 uygulamay\u0131 reddetti ve Ukrayna&#8217;ya binlerce sivili \u00f6ld\u00fcren silahlar sa\u011flad\u0131lar ve Moskova&#8217;n\u0131n g\u00fcvenli\u011fini korumak i\u00e7in askeri bir operasyondan ba\u015fka se\u00e7ene\u011fi olmad\u0131\u011f\u0131n\u0131 belirtti.<\/p>\n<p style=\"text-align: justify;\">ABD&#8217;nin Ukrayna&#8217;daki laboratuvarlar\u0131 ve biyolojik askeri faaliyetleriyle ilgili olarak Lavrov, Moskova&#8217;n\u0131n, uluslararas\u0131 bar\u0131\u015f ve g\u00fcvenli\u011fi tehdit etmesi nedeniyle bu konuyu Birle\u015fmi\u015f Milletler&#8217;de s\u00fcrekli g\u00fcndeme getirece\u011fini belirterek, ayn\u0131 zamanda, d\u00fcnyadaki \u015feffaf olmayan askeri biyolojik faaliyetler hakk\u0131nda sorular\u0131 g\u00fcndeme getirece\u011fine dikkat \u00e7ekti.<\/p>\n<p style=\"text-align: justify;\">Lavrov, Rusya&#8217;n\u0131n ABD taraf\u0131n\u0131n aktif olarak askeri biyolojik laboratuvarlar\u0131n olu\u015fturulmas\u0131 \u00fczerinde \u00e7al\u0131\u015ft\u0131\u011f\u0131 eski Sovyetler Birli\u011fi alan\u0131yla \u00f6zellikle ilgilendi\u011fini ve bu laboratuvarlar\u0131n &#8220;bulunduklar\u0131 \u00fclke taraf\u0131ndan bilinmedi\u011fini&#8221; vurgulad\u0131.<\/p>\n<p style=\"text-align: justify;\">Rusya&#8217;ya y\u00f6nelik Bat\u0131 yapt\u0131r\u0131mlar\u0131 konusunda Lavrov, Rusya&#8217;n\u0131n bunlar\u0131 a\u015faca\u011f\u0131n\u0131 ve m\u00fcttefiklerle \u00e7al\u0131\u015fmaya devam edece\u011fini a\u00e7\u0131klayarak, d\u00fcnyan\u0131n pek \u00e7ok \u00fclkesinin bu yapt\u0131r\u0131mlara kat\u0131lmayaca\u011f\u0131n\u0131 ve Moskova ile ili\u015fkilerini BM T\u00fcz\u00fc\u011f\u00fc uyar\u0131nca kar\u015f\u0131l\u0131kl\u0131 \u00e7\u0131kar temelinde geli\u015ftirmeye devam edece\u011fine dikkat \u00e7ekti.<\/p>\n","protected":false},"excerpt":{"rendered":"<p>MOSKOVA &#8211; Rusya D\u0131\u015fi\u015fleri Bakan\u0131 Sergey Lavrov, Bat\u0131&#8217;n\u0131n Rusya&#8217;ya kar\u015f\u0131 ger\u00e7ek ve kapsaml\u0131 bir hibrit sava\u015f\u0131 ilan etti\u011fini, ekonomisini bo\u011farak ve yok ederek hedeflerini gizlemedi\u011fini, bunda da ba\u015far\u0131s\u0131z olaca\u011f\u0131n\u0131 belirtti. Lavrov, Kamu Diplomasisini Destekleme Fonu&#8217;nun bug\u00fcn Moskova&#8217;daki toplant\u0131s\u0131nda yapt\u0131\u011f\u0131 konu\u015fmada \u015funlar\u0131 s\u00f6yledi: Bize kar\u015f\u0131 ger\u00e7ek, tam bir hibrit sava\u015f\u0131 ilan ettiler.. Nazi Almanyas\u0131&#8217;n\u0131n kulland\u0131\u011f\u0131 bu &hellip;<\/p>\n","protected":false},"author":1,"featured_media":252150,"comment_status":"closed","ping_status":"closed","sticky":false,"template":"","format":"standard","meta":{"footnotes":""},"categories":[458,459,17988],"tags":[],"class_list":["post-252149","post","type-post","status-publish","format-standard","has-post-thumbnail","","category-dunya1","category-haberler-arap-uluslararasi-politika","category-son-haberler"],"_links":{"self":[{"href":"https:\/\/archive.sana.sy\/tr\/index.php?rest_route=\/wp\/v2\/posts\/252149","targetHints":{"allow":["GET"]}}],"collection":[{"href":"https:\/\/archive.sana.sy\/tr\/index.php?rest_route=\/wp\/v2\/posts"}],"about":[{"href":"https:\/\/archive.sana.sy\/tr\/index.php?rest_route=\/wp\/v2\/types\/post"}],"author":[{"embeddable":true,"href":"https:\/\/archive.sana.sy\/tr\/index.php?rest_route=\/wp\/v2\/users\/1"}],"replies":[{"embeddable":true,"href":"https:\/\/archive.sana.sy\/tr\/index.php?rest_route=%2Fwp%2Fv2%2Fcomments&post=252149"}],"version-history":[{"count":0,"href":"https:\/\/archive.sana.sy\/tr\/index.php?rest_route=\/wp\/v2\/posts\/252149\/revisions"}],"wp:featuredmedia":[{"embeddable":true,"href":"https:\/\/archive.sana.sy\/tr\/index.php?rest_route=\/wp\/v2\/media\/252150"}],"wp:attachment":[{"href":"https:\/\/archive.sana.sy\/tr\/index.php?rest_route=%2Fwp%2Fv2%2Fmedia&parent=252149"}],"wp:term":[{"taxonomy":"category","embeddable":true,"href":"https:\/\/archive.sana.sy\/tr\/index.php?rest_route=%2Fwp%2Fv2%2Fcategories&post=252149"},{"taxonomy":"post_tag","embeddable":true,"href":"https:\/\/archive.sana.sy\/tr\/index.php?rest_route=%2Fwp%2Fv2%2Ftags&post=252149"}],"curies":[{"name":"wp","href":"https:\/\/api.w.org\/{rel}","templated":true}]}}