{"id":252153,"date":"2022-03-25T16:36:13","date_gmt":"2022-03-25T13:36:13","guid":{"rendered":"http:\/\/107.6.182.27\/tr\/?p=252153"},"modified":"2022-03-26T08:57:07","modified_gmt":"2022-03-26T05:57:07","slug":"bilim-fuarinin-besinci-donemi-halepte-basladi","status":"publish","type":"post","link":"https:\/\/archive.sana.sy\/tr\/?p=252153","title":{"rendered":"Bilim Fuar\u0131n\u0131n Be\u015finci D\u00f6nemi Halep&#8217;te Ba\u015flad\u0131"},"content":{"rendered":"<p style=\"text-align: justify;\">HALEP &#8211; Yakla\u015f\u0131k 70 k\u0131z ve erkek \u00f6\u011frencinin kat\u0131l\u0131m\u0131yla, Milli E\u011fitim Bakanl\u0131\u011f\u0131 ve Ermeni Protestan cemaati taraf\u0131ndan d\u00fczenlenen bilimsel serginin be\u015finci d\u00f6nem etkinlikleri bug\u00fcn Halep&#8217;teki Beyt \u0130yl Kilisesi&#8217;nde ba\u015flad\u0131.<\/p>\n<p style=\"text-align: justify;\">40 projenin yer ald\u0131\u011f\u0131 fuar, fizik, robotik, yenilenebilir enerji, yapay zeka ve anatomi gibi \u00e7e\u015fitli bilimsel alanlarda \u00f6\u011frenciler aras\u0131nda bilimsel ara\u015ft\u0131rma, yarat\u0131c\u0131l\u0131k ve m\u00fckemmelli\u011fi te\u015fvik etmeyi ama\u00e7l\u0131yor.<\/p>\n<p style=\"text-align: justify;\">E\u011fitim Bakan\u0131 Dr. Darim Tabba&#8217; gazetecilere yapt\u0131\u011f\u0131 a\u00e7\u0131klamada, fuar\u0131n \u00f6\u011frencilerin bili\u015fsel geli\u015fimini yans\u0131tt\u0131\u011f\u0131n\u0131 belirterek, robotu yenilik\u00e7i ve bilimsel bir \u015fekilde kullanarak topluma hizmet etmenin \u00f6nemine i\u015faret etti ve sunulan projelerin gelecekte bir\u00e7ok sorunda \u00e7\u00f6z\u00fcme katk\u0131 sa\u011flayaca\u011f\u0131n\u0131 s\u00f6yledi.<\/p>\n<p style=\"text-align: justify;\">Suriye&#8217;deki Ermeni Protestan mezhebinin ba\u015fkan\u0131 Rahip Dr. Harutyun S\u00fcleyman ise fuara kat\u0131lan \u00f6\u011frencilerin t\u00fcm bilimsel alanlarda yarat\u0131c\u0131 olma yeteneklerini \u00f6verek, kat\u0131l\u0131mlar\u0131n\u0131n okullarda bilgi ve beceri kazand\u0131klar\u0131n\u0131n a\u00e7\u0131k bir kan\u0131t\u0131 oldu\u011funu, \u00f6zellikle de Suriye&#8217;nin gelece\u011fini olu\u015fturduklar\u0131n\u0131 vurgulad\u0131.<\/p>\n<p style=\"text-align: justify;\">SANA&#8217;n\u0131n sergi holdinglerini kamerayla izlemesi s\u0131ras\u0131nda da Halep&#8217;teki Ermeni Protestan okullar\u0131n\u0131n temsilcisi Sunli Gazal, \u00f6\u011frencilerin e\u011fitim \u00f6\u011fretim y\u0131l\u0131n\u0131n ba\u015f\u0131ndan beri \u00f6\u011fretmenleri ve g\u00f6zetmenleri kat\u0131l\u0131m\u0131yla onlar\u0131n bilimsel ara\u015ft\u0131rmalar\u0131n\u0131 geli\u015ftirmek i\u00e7in bu t\u00fcr projelerin uygulanmas\u0131 \u00fczerinde e\u011fitildiklerini a\u00e7\u0131klad\u0131.<\/p>\n","protected":false},"excerpt":{"rendered":"<p>HALEP &#8211; Yakla\u015f\u0131k 70 k\u0131z ve erkek \u00f6\u011frencinin kat\u0131l\u0131m\u0131yla, Milli E\u011fitim Bakanl\u0131\u011f\u0131 ve Ermeni Protestan cemaati taraf\u0131ndan d\u00fczenlenen bilimsel serginin be\u015finci d\u00f6nem etkinlikleri bug\u00fcn Halep&#8217;teki Beyt \u0130yl Kilisesi&#8217;nde ba\u015flad\u0131. 40 projenin yer ald\u0131\u011f\u0131 fuar, fizik, robotik, yenilenebilir enerji, yapay zeka ve anatomi gibi \u00e7e\u015fitli bilimsel alanlarda \u00f6\u011frenciler aras\u0131nda bilimsel ara\u015ft\u0131rma, yarat\u0131c\u0131l\u0131k ve m\u00fckemmelli\u011fi te\u015fvik etmeyi &hellip;<\/p>\n","protected":false},"author":1,"featured_media":252154,"comment_status":"closed","ping_status":"closed","sticky":false,"template":"","format":"standard","meta":{"footnotes":""},"categories":[526,479,17988,525,478],"tags":[],"class_list":["post-252153","post","type-post","status-publish","format-standard","has-post-thumbnail","","category-haber-ve-raporlar","category-haberler-yerel","category-son-haberler","category-toplum","category-yerel"],"_links":{"self":[{"href":"https:\/\/archive.sana.sy\/tr\/index.php?rest_route=\/wp\/v2\/posts\/252153","targetHints":{"allow":["GET"]}}],"collection":[{"href":"https:\/\/archive.sana.sy\/tr\/index.php?rest_route=\/wp\/v2\/posts"}],"about":[{"href":"https:\/\/archive.sana.sy\/tr\/index.php?rest_route=\/wp\/v2\/types\/post"}],"author":[{"embeddable":true,"href":"https:\/\/archive.sana.sy\/tr\/index.php?rest_route=\/wp\/v2\/users\/1"}],"replies":[{"embeddable":true,"href":"https:\/\/archive.sana.sy\/tr\/index.php?rest_route=%2Fwp%2Fv2%2Fcomments&post=252153"}],"version-history":[{"count":0,"href":"https:\/\/archive.sana.sy\/tr\/index.php?rest_route=\/wp\/v2\/posts\/252153\/revisions"}],"wp:featuredmedia":[{"embeddable":true,"href":"https:\/\/archive.sana.sy\/tr\/index.php?rest_route=\/wp\/v2\/media\/252154"}],"wp:attachment":[{"href":"https:\/\/archive.sana.sy\/tr\/index.php?rest_route=%2Fwp%2Fv2%2Fmedia&parent=252153"}],"wp:term":[{"taxonomy":"category","embeddable":true,"href":"https:\/\/archive.sana.sy\/tr\/index.php?rest_route=%2Fwp%2Fv2%2Fcategories&post=252153"},{"taxonomy":"post_tag","embeddable":true,"href":"https:\/\/archive.sana.sy\/tr\/index.php?rest_route=%2Fwp%2Fv2%2Ftags&post=252153"}],"curies":[{"name":"wp","href":"https:\/\/api.w.org\/{rel}","templated":true}]}}