{"id":252156,"date":"2022-03-25T16:44:28","date_gmt":"2022-03-25T13:44:28","guid":{"rendered":"http:\/\/107.6.182.27\/tr\/?p=252156"},"modified":"2022-03-26T08:57:13","modified_gmt":"2022-03-26T05:57:13","slug":"yabanci-iki-turist-grup-tedmuru-palmyra-ziyaret-etti","status":"publish","type":"post","link":"https:\/\/archive.sana.sy\/tr\/?p=252156","title":{"rendered":"Yabanc\u0131 \u0130ki Turist Grup Tedmur&#8217;u (PALMYRA) Ziyaret Etti"},"content":{"rendered":"<p style=\"text-align: justify;\">HOMS &#8211; TEDMUR &#8211; \u0130ki yabanc\u0131 turist grubu, medeniyet ve insan miras\u0131 hakk\u0131nda bilgi edinmek ve I\u015e\u0130D ter\u00f6r \u00f6rg\u00fct\u00fcn\u00fcn Suriye Arap Ordusunun kahramanlar\u0131 taraf\u0131ndan hezimete u\u011frat\u0131lmadan \u00f6nce sald\u0131r\u0131lar\u0131 sonucunda en \u00f6nemli arkeolojik yap\u0131lar\u0131n\u0131n y\u0131k\u0131m\u0131n\u0131 belgelemek i\u00e7in tarihi Palmyra kentini ziyaret etti.<\/p>\n<p style=\"text-align: justify;\">D\u00fcn, \u0130ngiliz, \u0130talyan, Alman, Avusturyal\u0131, Frans\u0131z, \u0130rlandal\u0131, Kanadal\u0131, Meksikal\u0131 ve \u0130spanyol uyruklu iki turist grubunun Palmyra&#8217;y\u0131 ziyareti s\u0131ras\u0131nda Liverpool Arkeoloji M\u00fczesi&#8217;nde uzman olarak \u00e7al\u0131\u015fan \u0130ngiliz turist Matt, SANA muhabirine Palmyra uygarl\u0131\u011f\u0131n\u0131 ve kadim tarihini ziyaret etmekten duydu\u011fu b\u00fcy\u00fck hayranl\u0131\u011f\u0131 anlatt\u0131, ancak ayn\u0131 zamanda k\u00fclt\u00fcr ve insanl\u0131k d\u00fc\u015fmanlar\u0131 taraf\u0131ndan etkilerinin maruz kald\u0131\u011f\u0131 tahribat\u0131 g\u00f6rmekten duydu\u011fu \u00fcz\u00fcnt\u00fcy\u00fc ve ac\u0131y\u0131 dile getirdi.<\/p>\n<p style=\"text-align: justify;\">Roma&#8217;da b\u00fcy\u00fck bir \u015firkette ticari dan\u0131\u015fman olarak \u00e7al\u0131\u015fan \u0130talyan turist Flavio, &#8220;Palmyra hakk\u0131nda \u00e7ok \u00e7al\u0131\u015ft\u0131m ve okudum ve buraya gelmeye karar verdim. Gezimden \u00e7ok memnunum. Arkada\u015flar\u0131ma neler oldu\u011funu iletece\u011fim ve \u00e7\u00f6l\u00fcn kalbindeki bu g\u00fcvenli \u015fehri ziyaret etmelerine te\u015fvik edece\u011fim&#8221; dedi.<\/p>\n<p style=\"text-align: justify;\">Frans\u0131z turist Kakin \u015funlar\u0131 ekledi: Suriye&#8217;yi ziyeret ettim \u00e7\u00fcnk\u00fc, d\u00fcnyaya ihra\u00e7 etti\u011fi medeniyetler a\u00e7\u0131s\u0131ndan zengin, \u015firin bir \u00fclke addediyorum. Fransa&#8217;ya d\u00f6n\u00fc\u015f\u00fcmde Avrupa medyas\u0131n\u0131n g\u00fczel Suriye hakk\u0131nda s\u00f6ylediklerinin aksine onlara olumlu bir \u015fekilde \u015fahit olduklar\u0131mla ilgili izlenimlerimi aktaraca\u011f\u0131m, dedi.<\/p>\n<p style=\"text-align: justify;\">\u0130ki turist grubunun antik Palmyra tiyatrosunu ziyaretleri s\u0131ras\u0131nda Suriyeli k\u0131z \u00e7ocu\u011fu Rua Omran keman \u00fczerine m\u00fczik par\u00e7alar\u0131 sundu.<\/p>\n","protected":false},"excerpt":{"rendered":"<p>HOMS &#8211; TEDMUR &#8211; \u0130ki yabanc\u0131 turist grubu, medeniyet ve insan miras\u0131 hakk\u0131nda bilgi edinmek ve I\u015e\u0130D ter\u00f6r \u00f6rg\u00fct\u00fcn\u00fcn Suriye Arap Ordusunun kahramanlar\u0131 taraf\u0131ndan hezimete u\u011frat\u0131lmadan \u00f6nce sald\u0131r\u0131lar\u0131 sonucunda en \u00f6nemli arkeolojik yap\u0131lar\u0131n\u0131n y\u0131k\u0131m\u0131n\u0131 belgelemek i\u00e7in tarihi Palmyra kentini ziyaret etti. D\u00fcn, \u0130ngiliz, \u0130talyan, Alman, Avusturyal\u0131, Frans\u0131z, \u0130rlandal\u0131, Kanadal\u0131, Meksikal\u0131 ve \u0130spanyol uyruklu iki turist &hellip;<\/p>\n","protected":false},"author":1,"featured_media":252157,"comment_status":"closed","ping_status":"closed","sticky":false,"template":"","format":"standard","meta":{"footnotes":""},"categories":[479,17988,478],"tags":[],"class_list":["post-252156","post","type-post","status-publish","format-standard","has-post-thumbnail","","category-haberler-yerel","category-son-haberler","category-yerel"],"_links":{"self":[{"href":"https:\/\/archive.sana.sy\/tr\/index.php?rest_route=\/wp\/v2\/posts\/252156","targetHints":{"allow":["GET"]}}],"collection":[{"href":"https:\/\/archive.sana.sy\/tr\/index.php?rest_route=\/wp\/v2\/posts"}],"about":[{"href":"https:\/\/archive.sana.sy\/tr\/index.php?rest_route=\/wp\/v2\/types\/post"}],"author":[{"embeddable":true,"href":"https:\/\/archive.sana.sy\/tr\/index.php?rest_route=\/wp\/v2\/users\/1"}],"replies":[{"embeddable":true,"href":"https:\/\/archive.sana.sy\/tr\/index.php?rest_route=%2Fwp%2Fv2%2Fcomments&post=252156"}],"version-history":[{"count":0,"href":"https:\/\/archive.sana.sy\/tr\/index.php?rest_route=\/wp\/v2\/posts\/252156\/revisions"}],"wp:featuredmedia":[{"embeddable":true,"href":"https:\/\/archive.sana.sy\/tr\/index.php?rest_route=\/wp\/v2\/media\/252157"}],"wp:attachment":[{"href":"https:\/\/archive.sana.sy\/tr\/index.php?rest_route=%2Fwp%2Fv2%2Fmedia&parent=252156"}],"wp:term":[{"taxonomy":"category","embeddable":true,"href":"https:\/\/archive.sana.sy\/tr\/index.php?rest_route=%2Fwp%2Fv2%2Fcategories&post=252156"},{"taxonomy":"post_tag","embeddable":true,"href":"https:\/\/archive.sana.sy\/tr\/index.php?rest_route=%2Fwp%2Fv2%2Ftags&post=252156"}],"curies":[{"name":"wp","href":"https:\/\/api.w.org\/{rel}","templated":true}]}}