{"id":252173,"date":"2022-03-25T18:07:09","date_gmt":"2022-03-25T15:07:09","guid":{"rendered":"http:\/\/107.6.182.27\/tr\/?p=252173"},"modified":"2022-03-26T08:57:21","modified_gmt":"2022-03-26T05:57:21","slug":"yedi-yillik-saldirganliktan-sonra-bm-raporlari-17-milyondan-fazla-yemenli-insani-yardima-muhtac","status":"publish","type":"post","link":"https:\/\/archive.sana.sy\/tr\/?p=252173","title":{"rendered":"Yedi Y\u0131ll\u0131k Sald\u0131rganl\u0131ktan Sonra.. BM Raporlar\u0131: 17 Milyondan Fazla Yemenli \u0130nsani Yard\u0131ma Muhta\u00e7"},"content":{"rendered":"<p style=\"text-align: justify;\">\u015eAM &#8211; 2015&#8217;ten bu yana devam eden en b\u00fcy\u00fck insani felaketi temsil eden ve ufukta herhangi bir \u00e7\u00f6z\u00fcm bulunmayan Yemen&#8217;e y\u00f6nelik Suudi sald\u0131rganl\u0131\u011f\u0131n\u0131n, ABD ve Bat\u0131&#8217;n\u0131n sald\u0131rganl\u0131\u011fa siyasi, askeri ve lojistik olarak devam eden deste\u011finin \u0131\u015f\u0131\u011f\u0131nda binlerce insan \u00f6ld\u00fc ve yaraland\u0131.<\/p>\n<p style=\"text-align: justify;\">Yak\u0131n tarihli bir raporda, Birle\u015fmi\u015f Milletler Kalk\u0131nma Program\u0131, Yemen&#8217;e y\u00f6nelik sald\u0131rganl\u0131k, yedi y\u0131lda, do\u011frudan \u00e7at\u0131\u015fmalarda ve hastal\u0131klar, salg\u0131n hastal\u0131klar ve a\u00e7l\u0131k yoluyla dolayl\u0131 olarak 377.000 ki\u015finin \u00f6l\u00fcm\u00fcne ve Yemen ekonomisinde 126 milyar dolar olarak tahmin edilen korkun\u00e7 su\u00e7larda kay\u0131plara ayr\u0131ca, d\u00fcnyan\u0131n \u00f6nde gelen \u00fclkelerinin sessiz kald\u0131\u011f\u0131 ve ABD&#8217;nin milyarlarca dolarl\u0131k silah anla\u015fmalar\u0131 kar\u015f\u0131l\u0131\u011f\u0131nda destekledi\u011fi ciddi ihlallere neden oldu\u011funu g\u00f6sterdi\u011fini s\u00f6yledi.<\/p>\n<p style=\"text-align: justify;\">Birka\u00e7 g\u00fcn \u00f6nce Yemen \u0130nsan Haklar\u0131 Merkezi taraf\u0131ndan Suudi liderli\u011findeki koalisyonun yedi y\u0131ldaki kurbanlar\u0131n\u0131n istatistiklerini incelemek i\u00e7in d\u00fczenlenen bir bas\u0131n toplant\u0131s\u0131nda Yemen \u0130nsan Haklar\u0131 Merkezi y\u00f6netim kurulu ba\u015fkan\u0131 \u0130smail el Hasib&#8217;e g\u00f6re; Suudi sald\u0131rganl\u0131\u011f\u0131, Washington ve ortaklar\u0131n\u0131n, 43.522 sivil zayiata, \u00f6l\u00fc ve yaral\u0131ya yol a\u00e7an tan\u0131mlanm\u0131\u015f bir sald\u0131r\u0131 su\u00e7unda uluslararas\u0131 olarak yasaklanm\u0131\u015f \u00e7e\u015fitli silah t\u00fcrlerini kullanmada su\u00e7 ortakl\u0131\u011f\u0131 kar\u015f\u0131s\u0131nda utanma nedir bilmedi\u011fini, \u00f6len kad\u0131n say\u0131s\u0131n\u0131n toplam kurbanlar\u0131n y\u00fczde 60&#8217;\u0131na ula\u015fan 10,782&#8217;ye \u00a0vard\u0131\u011f\u0131n\u0131, \u00e7ocuk ma\u011fdurlar\u0131n say\u0131s\u0131n\u0131n ise 4.130&#8217;a, yani y\u00fczde 17&#8217;ye ula\u015ft\u0131\u011f\u0131n\u0131 a\u00e7\u0131klad\u0131.<\/p>\n<p style=\"text-align: justify;\">Resmi istatistikler, kurbanlar\u0131n say\u0131s\u0131n\u0131n 32.393 \u00f6l\u00fc ve yaral\u0131ya ula\u015ft\u0131\u011f\u0131 2015 y\u0131l\u0131n\u0131n en fazla sald\u0131r\u0131 su\u00e7unun i\u015flendi\u011fi y\u0131l oldu\u011funu, 2022&#8217;nin ise Suudi sald\u0131rganl\u0131\u011f\u0131n\u0131n Saada ve Hudeyde vilayetlerinde t\u0131rman\u0131\u015fa ge\u00e7ti\u011fi ve kurbanlar\u0131n say\u0131s\u0131n\u0131n artt\u0131\u011f\u0131n\u0131, 19 Mart&#8217;a kadar da 584 \u00f6l\u00fc ve yaral\u0131ya ula\u015ft\u0131\u011f\u0131n\u0131 g\u00f6sterdi.<\/p>\n<p style=\"text-align: justify;\">Birle\u015fmi\u015f Milletler \u00c7ocuklara Yard\u0131m Fonu (UNICEF), birka\u00e7 g\u00fcn \u00f6nce, 2022 y\u0131l\u0131n\u0131n ilk iki ay\u0131nda 47 Yemenli \u00e7ocu\u011fun Yemen&#8217;in \u00e7e\u015fitli b\u00f6lgelerinde \u00f6ld\u00fcr\u00fcld\u00fc\u011f\u00fcn\u00fc ve yaraland\u0131\u011f\u0131n\u0131 belirterek, bu \u00fclkede sava\u015f\u0131n ba\u015flamas\u0131ndan bu yana 10.200&#8217;den fazla \u00e7ocu\u011fun \u00f6ld\u00fcr\u00fcld\u00fc\u011f\u00fcn\u00fc, gere\u00e7ek \u00f6l\u00fc ve yaral\u0131 say\u0131s\u0131n\u0131n da bundan daha fazla olabailece\u011finin muhtemel oldu\u011funu dile getirdi.<\/p>\n<p style=\"text-align: justify;\">(UNICEF), D\u00fcnya G\u0131da Program\u0131 ve Birle\u015fmi\u015f Milletler G\u0131da ve Tar\u0131m \u00d6rg\u00fct\u00fc (FAO) taraf\u0131ndan yay\u0131nlanan ortak bir raporda, sald\u0131rganl\u0131\u011f\u0131n devam eden yans\u0131malar\u0131 ve bunun korkun\u00e7 ekonomik ve sosyal sonu\u00e7lar\u0131yla birlikte n\u00fcfusu 30 milyon olan Yemen&#8217;in 17,4 milyonunun acil insani yard\u0131ma muhta\u00e7 oldu\u011funu bunlar\u0131n aras\u0131nda 2,2 milyon \u00e7ocu\u011fun a\u011f\u0131r yetersiz beslenmeden muzdarip oldu\u011funu g\u00f6steriyor.<\/p>\n<p style=\"text-align: justify;\">Amerika Birle\u015fik Devletleri&#8217;nin, Suudi Arabistan&#8217;\u0131n Yemen&#8217;e y\u00f6nelik sald\u0131rganl\u0131\u011f\u0131n\u0131n yan\u0131nda durmakta ve silah anla\u015fmalar\u0131 kar\u015f\u0131l\u0131\u011f\u0131nda su\u00e7lar\u0131n\u0131 \u00f6rtbas etmekte \u0131srar ederken, Birle\u015fmi\u015f Milletler ve uluslararas\u0131 toplum, Hava sald\u0131r\u0131lar\u0131n\u0131n ve ku\u015fatmas\u0131n\u0131n do\u011frudan hedefi haline gelen Yemenliler, Yemen&#8217;e y\u00f6nelik bu sald\u0131rganl\u0131\u011f\u0131n Yemen&#8217;deki ya\u015fam ve sa\u011fl\u0131k ko\u015fullar\u0131n\u0131n \u00f6nemli \u00f6l\u00e7\u00fcde bozulmas\u0131na neden olan adaletsizlik sebebiyle, i\u015fledi\u011fi vah\u015fi su\u00e7lara kar\u015f\u0131 hala birle\u015fik ve kararl\u0131 bir duru\u015f sergileyemiyor.<\/p>\n","protected":false},"excerpt":{"rendered":"<p>\u015eAM &#8211; 2015&#8217;ten bu yana devam eden en b\u00fcy\u00fck insani felaketi temsil eden ve ufukta herhangi bir \u00e7\u00f6z\u00fcm bulunmayan Yemen&#8217;e y\u00f6nelik Suudi sald\u0131rganl\u0131\u011f\u0131n\u0131n, ABD ve Bat\u0131&#8217;n\u0131n sald\u0131rganl\u0131\u011fa siyasi, askeri ve lojistik olarak devam eden deste\u011finin \u0131\u015f\u0131\u011f\u0131nda binlerce insan \u00f6ld\u00fc ve yaraland\u0131. Yak\u0131n tarihli bir raporda, Birle\u015fmi\u015f Milletler Kalk\u0131nma Program\u0131, Yemen&#8217;e y\u00f6nelik sald\u0131rganl\u0131k, yedi y\u0131lda, do\u011frudan &hellip;<\/p>\n","protected":false},"author":1,"featured_media":252174,"comment_status":"closed","ping_status":"closed","sticky":false,"template":"","format":"standard","meta":{"footnotes":""},"categories":[458,459,17988],"tags":[],"class_list":["post-252173","post","type-post","status-publish","format-standard","has-post-thumbnail","","category-dunya1","category-haberler-arap-uluslararasi-politika","category-son-haberler"],"_links":{"self":[{"href":"https:\/\/archive.sana.sy\/tr\/index.php?rest_route=\/wp\/v2\/posts\/252173","targetHints":{"allow":["GET"]}}],"collection":[{"href":"https:\/\/archive.sana.sy\/tr\/index.php?rest_route=\/wp\/v2\/posts"}],"about":[{"href":"https:\/\/archive.sana.sy\/tr\/index.php?rest_route=\/wp\/v2\/types\/post"}],"author":[{"embeddable":true,"href":"https:\/\/archive.sana.sy\/tr\/index.php?rest_route=\/wp\/v2\/users\/1"}],"replies":[{"embeddable":true,"href":"https:\/\/archive.sana.sy\/tr\/index.php?rest_route=%2Fwp%2Fv2%2Fcomments&post=252173"}],"version-history":[{"count":0,"href":"https:\/\/archive.sana.sy\/tr\/index.php?rest_route=\/wp\/v2\/posts\/252173\/revisions"}],"wp:featuredmedia":[{"embeddable":true,"href":"https:\/\/archive.sana.sy\/tr\/index.php?rest_route=\/wp\/v2\/media\/252174"}],"wp:attachment":[{"href":"https:\/\/archive.sana.sy\/tr\/index.php?rest_route=%2Fwp%2Fv2%2Fmedia&parent=252173"}],"wp:term":[{"taxonomy":"category","embeddable":true,"href":"https:\/\/archive.sana.sy\/tr\/index.php?rest_route=%2Fwp%2Fv2%2Fcategories&post=252173"},{"taxonomy":"post_tag","embeddable":true,"href":"https:\/\/archive.sana.sy\/tr\/index.php?rest_route=%2Fwp%2Fv2%2Ftags&post=252173"}],"curies":[{"name":"wp","href":"https:\/\/api.w.org\/{rel}","templated":true}]}}