{"id":252229,"date":"2022-03-27T10:10:50","date_gmt":"2022-03-27T07:10:50","guid":{"rendered":"http:\/\/107.6.182.27\/tr\/?p=252229"},"modified":"2022-03-30T08:40:38","modified_gmt":"2022-03-30T05:40:38","slug":"donbassi-korumaya-yonelik-rus-ozel-operasyonunun-32-gunu","status":"publish","type":"post","link":"https:\/\/archive.sana.sy\/tr\/?p=252229","title":{"rendered":"Donbass\u2019\u0131 Korumaya Y\u00f6nelik Rus \u00d6zel Operasyonunun 32. G\u00fcn\u00fc"},"content":{"rendered":"<ul>\n<li>Rusya ile Ukrayna aras\u0131nda bu hafta yeni bir m\u00fczakere turu ba\u015fl\u0131yor.<\/li>\n<li>Rus sava\u015f u\u00e7aklar\u0131 Ukrayna askeri depolar\u0131n\u0131 imha etti.. Video.<\/li>\n<li>Ukrayna ve Donbass halklar\u0131na Rus insani yard\u0131mlar\u0131 ula\u015ft\u0131r\u0131ld\u0131.<\/li>\n<li>Rus Savunmas\u0131: Rus operasyonel ve taktik hava u\u00e7aklar\u0131 67 Ukrayna askeri tesisini hedef ald\u0131.<\/li>\n<li>Zakharova: Uluslararas\u0131 kurulu\u015flar, Ukrayna ve G\u00fcrcistan&#8217;daki biyolojik laboratuvarlara eri\u015fimimizi engelledi<strong>.<\/strong><\/li>\n<li>Rus ordusu Ukraynal\u0131lara 70 ton insani yard\u0131m ta\u015f\u0131yor.<\/li>\n<li>Mizntsev: Kiev yetkilileri vatanda\u015flar\u0131n Rusya&#8217;ya gitmesini engelliyor.<\/li>\n<li>Rus ordusu, Kherson Eyaleti sakinlerinin yeni bir grubunu tahliye etti.<\/li>\n<\/ul>\n","protected":false},"excerpt":{"rendered":"<p>Rusya ile Ukrayna aras\u0131nda bu hafta yeni bir m\u00fczakere turu ba\u015fl\u0131yor. Rus sava\u015f u\u00e7aklar\u0131 Ukrayna askeri depolar\u0131n\u0131 imha etti.. Video. Ukrayna ve Donbass halklar\u0131na Rus insani yard\u0131mlar\u0131 ula\u015ft\u0131r\u0131ld\u0131. Rus Savunmas\u0131: Rus operasyonel ve taktik hava u\u00e7aklar\u0131 67 Ukrayna askeri tesisini hedef ald\u0131. Zakharova: Uluslararas\u0131 kurulu\u015flar, Ukrayna ve G\u00fcrcistan&#8217;daki biyolojik laboratuvarlara eri\u015fimimizi engelledi. Rus ordusu Ukraynal\u0131lara &hellip;<\/p>\n","protected":false},"author":36,"featured_media":252230,"comment_status":"closed","ping_status":"closed","sticky":false,"template":"","format":"standard","meta":{"footnotes":""},"categories":[458,459,17988],"tags":[],"class_list":["post-252229","post","type-post","status-publish","format-standard","has-post-thumbnail","","category-dunya1","category-haberler-arap-uluslararasi-politika","category-son-haberler"],"_links":{"self":[{"href":"https:\/\/archive.sana.sy\/tr\/index.php?rest_route=\/wp\/v2\/posts\/252229","targetHints":{"allow":["GET"]}}],"collection":[{"href":"https:\/\/archive.sana.sy\/tr\/index.php?rest_route=\/wp\/v2\/posts"}],"about":[{"href":"https:\/\/archive.sana.sy\/tr\/index.php?rest_route=\/wp\/v2\/types\/post"}],"author":[{"embeddable":true,"href":"https:\/\/archive.sana.sy\/tr\/index.php?rest_route=\/wp\/v2\/users\/36"}],"replies":[{"embeddable":true,"href":"https:\/\/archive.sana.sy\/tr\/index.php?rest_route=%2Fwp%2Fv2%2Fcomments&post=252229"}],"version-history":[{"count":0,"href":"https:\/\/archive.sana.sy\/tr\/index.php?rest_route=\/wp\/v2\/posts\/252229\/revisions"}],"wp:featuredmedia":[{"embeddable":true,"href":"https:\/\/archive.sana.sy\/tr\/index.php?rest_route=\/wp\/v2\/media\/252230"}],"wp:attachment":[{"href":"https:\/\/archive.sana.sy\/tr\/index.php?rest_route=%2Fwp%2Fv2%2Fmedia&parent=252229"}],"wp:term":[{"taxonomy":"category","embeddable":true,"href":"https:\/\/archive.sana.sy\/tr\/index.php?rest_route=%2Fwp%2Fv2%2Fcategories&post=252229"},{"taxonomy":"post_tag","embeddable":true,"href":"https:\/\/archive.sana.sy\/tr\/index.php?rest_route=%2Fwp%2Fv2%2Ftags&post=252229"}],"curies":[{"name":"wp","href":"https:\/\/api.w.org\/{rel}","templated":true}]}}