{"id":252233,"date":"2022-03-27T09:02:09","date_gmt":"2022-03-27T06:02:09","guid":{"rendered":"http:\/\/107.6.182.27\/tr\/?p=252233"},"modified":"2022-03-30T08:38:56","modified_gmt":"2022-03-30T05:38:56","slug":"israil-isgal-gucleri-ramallahta-2-filistinliyi-tutukladi","status":"publish","type":"post","link":"https:\/\/archive.sana.sy\/tr\/?p=252233","title":{"rendered":"\u0130srail \u0130\u015fgal G\u00fc\u00e7leri, Ramallah\u2019ta 2 Filistinliyi Tutuklad\u0131"},"content":{"rendered":"<p>\u0130\u015eGAL ED\u0130LEN \u00a0KUD\u00dcS \u2013 \u0130srail \u0130\u015fgal g\u00fc\u00e7leri bug\u00fcn, Bat\u0131 yaka\u2019daki Ramallah kentinde 2 Filistinliyi tutuklad\u0131.<\/p>\n<p>WAFA Haber Ajans\u0131, \u0130srail \u0130\u015fgal g\u00fc\u00e7lerinin, Ramallah kentinin kuzeyinde yer alan Beyt Rima beldesine bask\u0131n d\u00fczenledi\u011fini belirtirken, 2 genci tutuklad\u0131\u011f\u0131na i\u015faret etti.<\/p>\n","protected":false},"excerpt":{"rendered":"<p>\u0130\u015eGAL ED\u0130LEN \u00a0KUD\u00dcS \u2013 \u0130srail \u0130\u015fgal g\u00fc\u00e7leri bug\u00fcn, Bat\u0131 yaka\u2019daki Ramallah kentinde 2 Filistinliyi tutuklad\u0131. WAFA Haber Ajans\u0131, \u0130srail \u0130\u015fgal g\u00fc\u00e7lerinin, Ramallah kentinin kuzeyinde yer alan Beyt Rima beldesine bask\u0131n d\u00fczenledi\u011fini belirtirken, 2 genci tutuklad\u0131\u011f\u0131na i\u015faret etti.<\/p>\n","protected":false},"author":36,"featured_media":252234,"comment_status":"closed","ping_status":"closed","sticky":false,"template":"","format":"standard","meta":{"footnotes":""},"categories":[458,459,17988],"tags":[],"class_list":["post-252233","post","type-post","status-publish","format-standard","has-post-thumbnail","","category-dunya1","category-haberler-arap-uluslararasi-politika","category-son-haberler"],"_links":{"self":[{"href":"https:\/\/archive.sana.sy\/tr\/index.php?rest_route=\/wp\/v2\/posts\/252233","targetHints":{"allow":["GET"]}}],"collection":[{"href":"https:\/\/archive.sana.sy\/tr\/index.php?rest_route=\/wp\/v2\/posts"}],"about":[{"href":"https:\/\/archive.sana.sy\/tr\/index.php?rest_route=\/wp\/v2\/types\/post"}],"author":[{"embeddable":true,"href":"https:\/\/archive.sana.sy\/tr\/index.php?rest_route=\/wp\/v2\/users\/36"}],"replies":[{"embeddable":true,"href":"https:\/\/archive.sana.sy\/tr\/index.php?rest_route=%2Fwp%2Fv2%2Fcomments&post=252233"}],"version-history":[{"count":0,"href":"https:\/\/archive.sana.sy\/tr\/index.php?rest_route=\/wp\/v2\/posts\/252233\/revisions"}],"wp:featuredmedia":[{"embeddable":true,"href":"https:\/\/archive.sana.sy\/tr\/index.php?rest_route=\/wp\/v2\/media\/252234"}],"wp:attachment":[{"href":"https:\/\/archive.sana.sy\/tr\/index.php?rest_route=%2Fwp%2Fv2%2Fmedia&parent=252233"}],"wp:term":[{"taxonomy":"category","embeddable":true,"href":"https:\/\/archive.sana.sy\/tr\/index.php?rest_route=%2Fwp%2Fv2%2Fcategories&post=252233"},{"taxonomy":"post_tag","embeddable":true,"href":"https:\/\/archive.sana.sy\/tr\/index.php?rest_route=%2Fwp%2Fv2%2Ftags&post=252233"}],"curies":[{"name":"wp","href":"https:\/\/api.w.org\/{rel}","templated":true}]}}