{"id":252236,"date":"2022-03-27T11:12:19","date_gmt":"2022-03-27T08:12:19","guid":{"rendered":"http:\/\/107.6.182.27\/tr\/?p=252236"},"modified":"2022-03-30T08:39:10","modified_gmt":"2022-03-30T05:39:10","slug":"rakkadaki-dibsi-afnan-merkezinde-cozum-sureci-basladi","status":"publish","type":"post","link":"https:\/\/archive.sana.sy\/tr\/?p=252236","title":{"rendered":"Rakka&#8217;daki Dibsi Afnan Merkezinde \u00c7\u00f6z\u00fcm S\u00fcreci Ba\u015flad\u0131"},"content":{"rendered":"<p>RAKKA \u2013 Yetkili makamlar taraf\u0131ndan devletin \u00f6nerdi\u011fi anla\u015fmaya g\u00f6re b\u00f6lgedeki aranan ki\u015filerin durumlar\u0131n\u0131n d\u00fczeltmesi i\u00e7in bu sabah a\u00e7\u0131lan Rakka k\u0131rsal\u0131n\u0131n bat\u0131s\u0131nda yer alan Dibsi Afnan beldesinin merkezinde uzla\u015fma s\u00fcreci ba\u015flad\u0131.<\/p>\n","protected":false},"excerpt":{"rendered":"<p>RAKKA \u2013 Yetkili makamlar taraf\u0131ndan devletin \u00f6nerdi\u011fi anla\u015fmaya g\u00f6re b\u00f6lgedeki aranan ki\u015filerin durumlar\u0131n\u0131n d\u00fczeltmesi i\u00e7in bu sabah a\u00e7\u0131lan Rakka k\u0131rsal\u0131n\u0131n bat\u0131s\u0131nda yer alan Dibsi Afnan beldesinin merkezinde uzla\u015fma s\u00fcreci ba\u015flad\u0131.<\/p>\n","protected":false},"author":36,"featured_media":252237,"comment_status":"closed","ping_status":"closed","sticky":false,"template":"","format":"standard","meta":{"footnotes":""},"categories":[479,17988,478],"tags":[],"class_list":["post-252236","post","type-post","status-publish","format-standard","has-post-thumbnail","","category-haberler-yerel","category-son-haberler","category-yerel"],"_links":{"self":[{"href":"https:\/\/archive.sana.sy\/tr\/index.php?rest_route=\/wp\/v2\/posts\/252236","targetHints":{"allow":["GET"]}}],"collection":[{"href":"https:\/\/archive.sana.sy\/tr\/index.php?rest_route=\/wp\/v2\/posts"}],"about":[{"href":"https:\/\/archive.sana.sy\/tr\/index.php?rest_route=\/wp\/v2\/types\/post"}],"author":[{"embeddable":true,"href":"https:\/\/archive.sana.sy\/tr\/index.php?rest_route=\/wp\/v2\/users\/36"}],"replies":[{"embeddable":true,"href":"https:\/\/archive.sana.sy\/tr\/index.php?rest_route=%2Fwp%2Fv2%2Fcomments&post=252236"}],"version-history":[{"count":0,"href":"https:\/\/archive.sana.sy\/tr\/index.php?rest_route=\/wp\/v2\/posts\/252236\/revisions"}],"wp:featuredmedia":[{"embeddable":true,"href":"https:\/\/archive.sana.sy\/tr\/index.php?rest_route=\/wp\/v2\/media\/252237"}],"wp:attachment":[{"href":"https:\/\/archive.sana.sy\/tr\/index.php?rest_route=%2Fwp%2Fv2%2Fmedia&parent=252236"}],"wp:term":[{"taxonomy":"category","embeddable":true,"href":"https:\/\/archive.sana.sy\/tr\/index.php?rest_route=%2Fwp%2Fv2%2Fcategories&post=252236"},{"taxonomy":"post_tag","embeddable":true,"href":"https:\/\/archive.sana.sy\/tr\/index.php?rest_route=%2Fwp%2Fv2%2Ftags&post=252236"}],"curies":[{"name":"wp","href":"https:\/\/api.w.org\/{rel}","templated":true}]}}