{"id":252240,"date":"2022-03-27T10:25:31","date_gmt":"2022-03-27T07:25:31","guid":{"rendered":"http:\/\/107.6.182.27\/tr\/?p=252240"},"modified":"2022-03-30T08:39:03","modified_gmt":"2022-03-30T05:39:03","slug":"rus-savunmasi-ukrayna-askeri-depolarini-yok-etme-operasyonu-gosteren-video-yayinladi","status":"publish","type":"post","link":"https:\/\/archive.sana.sy\/tr\/?p=252240","title":{"rendered":"Rus Savunmas\u0131, Ukrayna Askeri Depolar\u0131n\u0131 Yok Etme Operasyonu G\u00f6steren Video Yay\u0131nlad\u0131"},"content":{"rendered":"<p>MOSKOVA \u2013 Rusya Savunma Bakanl\u0131\u011f\u0131, Rus Hava Kuvvetleri&#8217;ne ait Rus Su-25 sald\u0131r\u0131 u\u00e7a\u011f\u0131n\u0131n d\u00fcn gece d\u00fczenledi\u011fi g\u00f6revde Ukrayna Silahl\u0131 Kuvvetlerine ait m\u00fchimmat ve silah depolar\u0131n\u0131 imha etmeyi ba\u015fard\u0131\u011f\u0131n\u0131 ilan etti.<\/p>\n<p>Bakanl\u0131k bug\u00fcn, bir Rus Su-25 sald\u0131r\u0131 u\u00e7a\u011f\u0131n\u0131n d\u00fcn gece bombal\u0131 sald\u0131r\u0131s\u0131 s\u0131ras\u0131nda Ukrayna askeri depolar\u0131n\u0131 tahrip etti\u011fini g\u00f6steren bir video yay\u0131nlad\u0131.<\/p>\n<p>Video, bombac\u0131n\u0131n havalan\u0131p bir gece muharebesi g\u00f6revi ger\u00e7ekle\u015ftirmek i\u00e7in ba\u015flat\u0131ld\u0131\u011f\u0131 an\u0131 g\u00f6steriyordu, ard\u0131ndan u\u00e7a\u011f\u0131n ni\u015fan alma cihaz\u0131ndan al\u0131nan bir kay\u0131t, g\u00fcd\u00fcms\u00fcz f\u00fczelerle hedefi vurma s\u00fcrecini g\u00f6steriyordu.<\/p>\n<p>&nbsp;<\/p>\n","protected":false},"excerpt":{"rendered":"<p>MOSKOVA \u2013 Rusya Savunma Bakanl\u0131\u011f\u0131, Rus Hava Kuvvetleri&#8217;ne ait Rus Su-25 sald\u0131r\u0131 u\u00e7a\u011f\u0131n\u0131n d\u00fcn gece d\u00fczenledi\u011fi g\u00f6revde Ukrayna Silahl\u0131 Kuvvetlerine ait m\u00fchimmat ve silah depolar\u0131n\u0131 imha etmeyi ba\u015fard\u0131\u011f\u0131n\u0131 ilan etti. Bakanl\u0131k bug\u00fcn, bir Rus Su-25 sald\u0131r\u0131 u\u00e7a\u011f\u0131n\u0131n d\u00fcn gece bombal\u0131 sald\u0131r\u0131s\u0131 s\u0131ras\u0131nda Ukrayna askeri depolar\u0131n\u0131 tahrip etti\u011fini g\u00f6steren bir video yay\u0131nlad\u0131. Video, bombac\u0131n\u0131n havalan\u0131p bir &hellip;<\/p>\n","protected":false},"author":36,"featured_media":252241,"comment_status":"closed","ping_status":"closed","sticky":false,"template":"","format":"standard","meta":{"footnotes":""},"categories":[458,459,17988],"tags":[],"class_list":["post-252240","post","type-post","status-publish","format-standard","has-post-thumbnail","","category-dunya1","category-haberler-arap-uluslararasi-politika","category-son-haberler"],"_links":{"self":[{"href":"https:\/\/archive.sana.sy\/tr\/index.php?rest_route=\/wp\/v2\/posts\/252240","targetHints":{"allow":["GET"]}}],"collection":[{"href":"https:\/\/archive.sana.sy\/tr\/index.php?rest_route=\/wp\/v2\/posts"}],"about":[{"href":"https:\/\/archive.sana.sy\/tr\/index.php?rest_route=\/wp\/v2\/types\/post"}],"author":[{"embeddable":true,"href":"https:\/\/archive.sana.sy\/tr\/index.php?rest_route=\/wp\/v2\/users\/36"}],"replies":[{"embeddable":true,"href":"https:\/\/archive.sana.sy\/tr\/index.php?rest_route=%2Fwp%2Fv2%2Fcomments&post=252240"}],"version-history":[{"count":0,"href":"https:\/\/archive.sana.sy\/tr\/index.php?rest_route=\/wp\/v2\/posts\/252240\/revisions"}],"wp:featuredmedia":[{"embeddable":true,"href":"https:\/\/archive.sana.sy\/tr\/index.php?rest_route=\/wp\/v2\/media\/252241"}],"wp:attachment":[{"href":"https:\/\/archive.sana.sy\/tr\/index.php?rest_route=%2Fwp%2Fv2%2Fmedia&parent=252240"}],"wp:term":[{"taxonomy":"category","embeddable":true,"href":"https:\/\/archive.sana.sy\/tr\/index.php?rest_route=%2Fwp%2Fv2%2Fcategories&post=252240"},{"taxonomy":"post_tag","embeddable":true,"href":"https:\/\/archive.sana.sy\/tr\/index.php?rest_route=%2Fwp%2Fv2%2Ftags&post=252240"}],"curies":[{"name":"wp","href":"https:\/\/api.w.org\/{rel}","templated":true}]}}