{"id":252249,"date":"2022-03-27T13:17:33","date_gmt":"2022-03-27T10:17:33","guid":{"rendered":"http:\/\/107.6.182.27\/tr\/?p=252249"},"modified":"2022-03-30T08:39:16","modified_gmt":"2022-03-30T05:39:16","slug":"cumhurbaskani-esad-silah-ve-muhimmat-yasasinin-bazi-maddelerinde-degisiklik-iceren-bir-kararname-cikardi","status":"publish","type":"post","link":"https:\/\/archive.sana.sy\/tr\/?p=252249","title":{"rendered":"Cumhurba\u015fkan\u0131 Esad, Silah ve M\u00fchimmat Yasas\u0131n\u0131n Baz\u0131 Maddelerinde De\u011fi\u015fiklik \u0130\u00e7eren Bir Kanun \u00c7\u0131kard\u0131"},"content":{"rendered":"<p>\u015eAM \u2013 Kamu ve \u00f6zel sekt\u00f6r cayd\u0131r\u0131c\u0131l\u0131\u011f\u0131n\u0131 sa\u011flamak ve silahlar\u0131n k\u00f6t\u00fcye kullan\u0131m\u0131 vakalar\u0131n\u0131 kontrol alt\u0131na almak amac\u0131yla, Cumhurba\u015fkan\u0131 Be\u015f\u015far Esad, 2001 y\u0131l\u0131 51 Say\u0131l\u0131 Kanun H\u00fckm\u00fcnde Kararname ile \u00e7\u0131kar\u0131lan Silah ve M\u00fchimmat Kanunu\u2019nun baz\u0131 maddelerinde yap\u0131lan de\u011fi\u015fiklikleri i\u00e7eren 2022 y\u0131l\u0131 14 say\u0131l\u0131 kanunu yay\u0131nlad\u0131.<\/p>\n","protected":false},"excerpt":{"rendered":"<p>\u015eAM \u2013 Kamu ve \u00f6zel sekt\u00f6r cayd\u0131r\u0131c\u0131l\u0131\u011f\u0131n\u0131 sa\u011flamak ve silahlar\u0131n k\u00f6t\u00fcye kullan\u0131m\u0131 vakalar\u0131n\u0131 kontrol alt\u0131na almak amac\u0131yla, Cumhurba\u015fkan\u0131 Be\u015f\u015far Esad, 2001 y\u0131l\u0131 51 Say\u0131l\u0131 Kanun H\u00fckm\u00fcnde Kararname ile \u00e7\u0131kar\u0131lan Silah ve M\u00fchimmat Kanunu\u2019nun baz\u0131 maddelerinde yap\u0131lan de\u011fi\u015fiklikleri i\u00e7eren 2022 y\u0131l\u0131 14 say\u0131l\u0131 kanunu yay\u0131nlad\u0131.<\/p>\n","protected":false},"author":36,"featured_media":252250,"comment_status":"closed","ping_status":"closed","sticky":false,"template":"","format":"standard","meta":{"footnotes":""},"categories":[605,17988,612,599],"tags":[],"class_list":["post-252249","post","type-post","status-publish","format-standard","has-post-thumbnail","","category-sayin-cumhurbaskani","category-son-haberler","category-yasama-kararnameler","category-yasama-ve-kanunlar"],"_links":{"self":[{"href":"https:\/\/archive.sana.sy\/tr\/index.php?rest_route=\/wp\/v2\/posts\/252249","targetHints":{"allow":["GET"]}}],"collection":[{"href":"https:\/\/archive.sana.sy\/tr\/index.php?rest_route=\/wp\/v2\/posts"}],"about":[{"href":"https:\/\/archive.sana.sy\/tr\/index.php?rest_route=\/wp\/v2\/types\/post"}],"author":[{"embeddable":true,"href":"https:\/\/archive.sana.sy\/tr\/index.php?rest_route=\/wp\/v2\/users\/36"}],"replies":[{"embeddable":true,"href":"https:\/\/archive.sana.sy\/tr\/index.php?rest_route=%2Fwp%2Fv2%2Fcomments&post=252249"}],"version-history":[{"count":0,"href":"https:\/\/archive.sana.sy\/tr\/index.php?rest_route=\/wp\/v2\/posts\/252249\/revisions"}],"wp:featuredmedia":[{"embeddable":true,"href":"https:\/\/archive.sana.sy\/tr\/index.php?rest_route=\/wp\/v2\/media\/252250"}],"wp:attachment":[{"href":"https:\/\/archive.sana.sy\/tr\/index.php?rest_route=%2Fwp%2Fv2%2Fmedia&parent=252249"}],"wp:term":[{"taxonomy":"category","embeddable":true,"href":"https:\/\/archive.sana.sy\/tr\/index.php?rest_route=%2Fwp%2Fv2%2Fcategories&post=252249"},{"taxonomy":"post_tag","embeddable":true,"href":"https:\/\/archive.sana.sy\/tr\/index.php?rest_route=%2Fwp%2Fv2%2Ftags&post=252249"}],"curies":[{"name":"wp","href":"https:\/\/api.w.org\/{rel}","templated":true}]}}