{"id":252252,"date":"2022-03-27T13:53:59","date_gmt":"2022-03-27T10:53:59","guid":{"rendered":"http:\/\/107.6.182.27\/tr\/?p=252252"},"modified":"2022-03-30T08:39:19","modified_gmt":"2022-03-30T05:39:19","slug":"dsg-milisleri-rakka-kirsalinda-15-genci-kacirdi","status":"publish","type":"post","link":"https:\/\/archive.sana.sy\/tr\/?p=252252","title":{"rendered":"DSG Milisleri, Rakka K\u0131rsal\u0131nda 15 Genci Ka\u00e7\u0131rd\u0131"},"content":{"rendered":"<p>RAKKA \u2013 Amerikan i\u015fgal g\u00fc\u00e7leri taraf\u0131ndan desteklenen \u201cDSG\u201d milisleri, Rakka k\u0131rsal\u0131n\u0131n bat\u0131s\u0131nda yer alan El Tabka kentinin birka\u00e7 mahallesine bask\u0131n d\u00fczenleyip birka\u00e7 sivili ka\u00e7\u0131rd\u0131.<\/p>\n<p>Yerel kaynaklar SANA Muhabirine yapt\u0131\u011f\u0131 a\u00e7\u0131klamada, &#8220;DSG\u201d milislerine ba\u011fl\u0131 silahl\u0131 gruplar\u0131n bu \u00f6\u011fleden sonra Rakka k\u0131rsal\u0131n\u0131n bat\u0131s\u0131nda yer alan El Tabka kentine bask\u0131n d\u00fczenleyip i\u00e7inde silahl\u0131 kontrol noktalar\u0131 kurdu\u011funu belirtirken, 15 genci ka\u00e7\u0131r\u0131p bilinmeyen bir yere g\u00f6t\u00fcrd\u00fcklerine i\u015faret etti.<\/p>\n","protected":false},"excerpt":{"rendered":"<p>RAKKA \u2013 Amerikan i\u015fgal g\u00fc\u00e7leri taraf\u0131ndan desteklenen \u201cDSG\u201d milisleri, Rakka k\u0131rsal\u0131n\u0131n bat\u0131s\u0131nda yer alan El Tabka kentinin birka\u00e7 mahallesine bask\u0131n d\u00fczenleyip birka\u00e7 sivili ka\u00e7\u0131rd\u0131. Yerel kaynaklar SANA Muhabirine yapt\u0131\u011f\u0131 a\u00e7\u0131klamada, &#8220;DSG\u201d milislerine ba\u011fl\u0131 silahl\u0131 gruplar\u0131n bu \u00f6\u011fleden sonra Rakka k\u0131rsal\u0131n\u0131n bat\u0131s\u0131nda yer alan El Tabka kentine bask\u0131n d\u00fczenleyip i\u00e7inde silahl\u0131 kontrol noktalar\u0131 kurdu\u011funu belirtirken, 15 &hellip;<\/p>\n","protected":false},"author":36,"featured_media":252253,"comment_status":"closed","ping_status":"closed","sticky":false,"template":"","format":"standard","meta":{"footnotes":""},"categories":[479,575,17988,478],"tags":[],"class_list":["post-252252","post","type-post","status-publish","format-standard","has-post-thumbnail","","category-haberler-yerel","category-olaylar-ve-gercekler","category-son-haberler","category-yerel"],"_links":{"self":[{"href":"https:\/\/archive.sana.sy\/tr\/index.php?rest_route=\/wp\/v2\/posts\/252252","targetHints":{"allow":["GET"]}}],"collection":[{"href":"https:\/\/archive.sana.sy\/tr\/index.php?rest_route=\/wp\/v2\/posts"}],"about":[{"href":"https:\/\/archive.sana.sy\/tr\/index.php?rest_route=\/wp\/v2\/types\/post"}],"author":[{"embeddable":true,"href":"https:\/\/archive.sana.sy\/tr\/index.php?rest_route=\/wp\/v2\/users\/36"}],"replies":[{"embeddable":true,"href":"https:\/\/archive.sana.sy\/tr\/index.php?rest_route=%2Fwp%2Fv2%2Fcomments&post=252252"}],"version-history":[{"count":0,"href":"https:\/\/archive.sana.sy\/tr\/index.php?rest_route=\/wp\/v2\/posts\/252252\/revisions"}],"wp:featuredmedia":[{"embeddable":true,"href":"https:\/\/archive.sana.sy\/tr\/index.php?rest_route=\/wp\/v2\/media\/252253"}],"wp:attachment":[{"href":"https:\/\/archive.sana.sy\/tr\/index.php?rest_route=%2Fwp%2Fv2%2Fmedia&parent=252252"}],"wp:term":[{"taxonomy":"category","embeddable":true,"href":"https:\/\/archive.sana.sy\/tr\/index.php?rest_route=%2Fwp%2Fv2%2Fcategories&post=252252"},{"taxonomy":"post_tag","embeddable":true,"href":"https:\/\/archive.sana.sy\/tr\/index.php?rest_route=%2Fwp%2Fv2%2Ftags&post=252252"}],"curies":[{"name":"wp","href":"https:\/\/api.w.org\/{rel}","templated":true}]}}