{"id":252260,"date":"2022-03-27T21:30:15","date_gmt":"2022-03-27T18:30:15","guid":{"rendered":"http:\/\/107.6.182.27\/tr\/?p=252260"},"modified":"2022-03-30T08:12:04","modified_gmt":"2022-03-30T05:12:04","slug":"teknik-bir-arizanin-bakiminin-ardindan-haseke-kenti-elektrik-hizmeti-restore-edildi","status":"publish","type":"post","link":"https:\/\/archive.sana.sy\/tr\/?p=252260","title":{"rendered":"Teknik Bir Ar\u0131zan\u0131n Bak\u0131m\u0131n\u0131n Ard\u0131ndan Haseke Kenti Elektrik Hizmeti Restore Edildi"},"content":{"rendered":"<p style=\"text-align: justify;\">HASEKE \u2013 Haseke Genel Elektrik \u015eirketi bak\u0131m at\u00f6lyeleri, 230 KV gergi hatt\u0131 olan el Tabka- el Bavab&#8217;da meydana gelen teknik ar\u0131zan\u0131n bak\u0131m\u0131n\u0131 tamamlayarak, ilin \u00e7e\u015fitli il ve b\u00f6lgelerine elektrik hizmetini yeniden verdi.<\/p>\n<p style=\"text-align: justify;\">\u015eirketin m\u00fcd\u00fcr\u00fc Anvar \u0130kle SANA muhabirine, Haseke kentinin g\u00fcneybat\u0131s\u0131ndaki Soda ve Abd b\u00f6lgesinde elektrik \u015febekesinde meydana gelen teknik ar\u0131zan\u0131n teknik at\u00f6lyelerinin bak\u0131m\u0131n\u0131 tamamlad\u0131\u011f\u0131n\u0131 belirtirken, il geneline da\u011f\u0131lm\u0131\u015f olan elektrik istasyonlar\u0131, abonelere elektrik sa\u011flamak i\u00e7in s\u0131rayla yeniden beslendi\u011fine i\u015faret etti.<\/p>\n<p style=\"text-align: justify;\">P.M.<\/p>\n","protected":false},"excerpt":{"rendered":"<p>HASEKE \u2013 Haseke Genel Elektrik \u015eirketi bak\u0131m at\u00f6lyeleri, 230 KV gergi hatt\u0131 olan el Tabka- el Bavab&#8217;da meydana gelen teknik ar\u0131zan\u0131n bak\u0131m\u0131n\u0131 tamamlayarak, ilin \u00e7e\u015fitli il ve b\u00f6lgelerine elektrik hizmetini yeniden verdi. \u015eirketin m\u00fcd\u00fcr\u00fc Anvar \u0130kle SANA muhabirine, Haseke kentinin g\u00fcneybat\u0131s\u0131ndaki Soda ve Abd b\u00f6lgesinde elektrik \u015febekesinde meydana gelen teknik ar\u0131zan\u0131n teknik at\u00f6lyelerinin bak\u0131m\u0131n\u0131 tamamlad\u0131\u011f\u0131n\u0131 &hellip;<\/p>\n","protected":false},"author":1,"featured_media":252261,"comment_status":"closed","ping_status":"closed","sticky":false,"template":"","format":"standard","meta":{"footnotes":""},"categories":[479,17988,478],"tags":[],"class_list":["post-252260","post","type-post","status-publish","format-standard","has-post-thumbnail","","category-haberler-yerel","category-son-haberler","category-yerel"],"_links":{"self":[{"href":"https:\/\/archive.sana.sy\/tr\/index.php?rest_route=\/wp\/v2\/posts\/252260","targetHints":{"allow":["GET"]}}],"collection":[{"href":"https:\/\/archive.sana.sy\/tr\/index.php?rest_route=\/wp\/v2\/posts"}],"about":[{"href":"https:\/\/archive.sana.sy\/tr\/index.php?rest_route=\/wp\/v2\/types\/post"}],"author":[{"embeddable":true,"href":"https:\/\/archive.sana.sy\/tr\/index.php?rest_route=\/wp\/v2\/users\/1"}],"replies":[{"embeddable":true,"href":"https:\/\/archive.sana.sy\/tr\/index.php?rest_route=%2Fwp%2Fv2%2Fcomments&post=252260"}],"version-history":[{"count":0,"href":"https:\/\/archive.sana.sy\/tr\/index.php?rest_route=\/wp\/v2\/posts\/252260\/revisions"}],"wp:featuredmedia":[{"embeddable":true,"href":"https:\/\/archive.sana.sy\/tr\/index.php?rest_route=\/wp\/v2\/media\/252261"}],"wp:attachment":[{"href":"https:\/\/archive.sana.sy\/tr\/index.php?rest_route=%2Fwp%2Fv2%2Fmedia&parent=252260"}],"wp:term":[{"taxonomy":"category","embeddable":true,"href":"https:\/\/archive.sana.sy\/tr\/index.php?rest_route=%2Fwp%2Fv2%2Fcategories&post=252260"},{"taxonomy":"post_tag","embeddable":true,"href":"https:\/\/archive.sana.sy\/tr\/index.php?rest_route=%2Fwp%2Fv2%2Ftags&post=252260"}],"curies":[{"name":"wp","href":"https:\/\/api.w.org\/{rel}","templated":true}]}}