{"id":252263,"date":"2022-03-27T21:35:46","date_gmt":"2022-03-27T18:35:46","guid":{"rendered":"http:\/\/107.6.182.27\/tr\/?p=252263"},"modified":"2022-03-30T08:11:57","modified_gmt":"2022-03-30T05:11:57","slug":"iskenceyi-suc-sayan-yasa-tasarisi-tartisildi","status":"publish","type":"post","link":"https:\/\/archive.sana.sy\/tr\/?p=252263","title":{"rendered":"\u0130\u015fkenceyi Su\u00e7 Sayan Yasa Tasar\u0131s\u0131 Tart\u0131\u015f\u0131ld\u0131"},"content":{"rendered":"<p style=\"text-align: justify;\">\u015eAM \u2013 Halk Meclisi Anayasa ve Yasama \u0130\u015fleri Komisyonu, bu \u00f6\u011fleden sonra Dr.Ahmed el Kuzbari ba\u015fkanl\u0131\u011f\u0131nda d\u00fczenlenen bir toplant\u0131da i\u015fkencenin su\u00e7 say\u0131lmas\u0131na ili\u015fkin yasa tasar\u0131s\u0131n\u0131 tart\u0131\u015ft\u0131.<\/p>\n<p style=\"text-align: justify;\">Adalet Bakan\u0131 Yarg\u0131\u00e7 Ahmed el Sayed toplant\u0131da, i\u015fkence ve insanl\u0131k d\u0131\u015f\u0131 veya a\u015fa\u011f\u0131lay\u0131c\u0131 davran\u0131\u015f veya eylemler gibi di\u011fer su\u00e7lar\u0131 su\u00e7 sayan yasa tasla\u011f\u0131n\u0131n, bu t\u00fcr eylemlerin uygulanmas\u0131n\u0131 engelleyecek ve faillerini bast\u0131racak cezalar belirlemedeki \u00f6nemini vurgulad\u0131.<\/p>\n<p style=\"text-align: justify;\">Kanun tasla\u011f\u0131n\u0131n maddelerinin komisyonda g\u00f6r\u00fc\u015f\u00fclmesinin ard\u0131ndan gerekli rapor haz\u0131rlanarak sonraki oturumlarda g\u00f6r\u00fc\u015f\u00fclmek \u00fczere Kurul&#8217;a havale edildi.<\/p>\n<p style=\"text-align: justify;\">P.M.<\/p>\n","protected":false},"excerpt":{"rendered":"<p>\u015eAM \u2013 Halk Meclisi Anayasa ve Yasama \u0130\u015fleri Komisyonu, bu \u00f6\u011fleden sonra Dr.Ahmed el Kuzbari ba\u015fkanl\u0131\u011f\u0131nda d\u00fczenlenen bir toplant\u0131da i\u015fkencenin su\u00e7 say\u0131lmas\u0131na ili\u015fkin yasa tasar\u0131s\u0131n\u0131 tart\u0131\u015ft\u0131. Adalet Bakan\u0131 Yarg\u0131\u00e7 Ahmed el Sayed toplant\u0131da, i\u015fkence ve insanl\u0131k d\u0131\u015f\u0131 veya a\u015fa\u011f\u0131lay\u0131c\u0131 davran\u0131\u015f veya eylemler gibi di\u011fer su\u00e7lar\u0131 su\u00e7 sayan yasa tasla\u011f\u0131n\u0131n, bu t\u00fcr eylemlerin uygulanmas\u0131n\u0131 engelleyecek ve &hellip;<\/p>\n","protected":false},"author":1,"featured_media":252264,"comment_status":"closed","ping_status":"closed","sticky":false,"template":"","format":"standard","meta":{"footnotes":""},"categories":[479,17988,478],"tags":[],"class_list":["post-252263","post","type-post","status-publish","format-standard","has-post-thumbnail","","category-haberler-yerel","category-son-haberler","category-yerel"],"_links":{"self":[{"href":"https:\/\/archive.sana.sy\/tr\/index.php?rest_route=\/wp\/v2\/posts\/252263","targetHints":{"allow":["GET"]}}],"collection":[{"href":"https:\/\/archive.sana.sy\/tr\/index.php?rest_route=\/wp\/v2\/posts"}],"about":[{"href":"https:\/\/archive.sana.sy\/tr\/index.php?rest_route=\/wp\/v2\/types\/post"}],"author":[{"embeddable":true,"href":"https:\/\/archive.sana.sy\/tr\/index.php?rest_route=\/wp\/v2\/users\/1"}],"replies":[{"embeddable":true,"href":"https:\/\/archive.sana.sy\/tr\/index.php?rest_route=%2Fwp%2Fv2%2Fcomments&post=252263"}],"version-history":[{"count":0,"href":"https:\/\/archive.sana.sy\/tr\/index.php?rest_route=\/wp\/v2\/posts\/252263\/revisions"}],"wp:featuredmedia":[{"embeddable":true,"href":"https:\/\/archive.sana.sy\/tr\/index.php?rest_route=\/wp\/v2\/media\/252264"}],"wp:attachment":[{"href":"https:\/\/archive.sana.sy\/tr\/index.php?rest_route=%2Fwp%2Fv2%2Fmedia&parent=252263"}],"wp:term":[{"taxonomy":"category","embeddable":true,"href":"https:\/\/archive.sana.sy\/tr\/index.php?rest_route=%2Fwp%2Fv2%2Fcategories&post=252263"},{"taxonomy":"post_tag","embeddable":true,"href":"https:\/\/archive.sana.sy\/tr\/index.php?rest_route=%2Fwp%2Fv2%2Ftags&post=252263"}],"curies":[{"name":"wp","href":"https:\/\/api.w.org\/{rel}","templated":true}]}}