{"id":252266,"date":"2022-03-27T21:37:10","date_gmt":"2022-03-27T18:37:10","guid":{"rendered":"http:\/\/107.6.182.27\/tr\/?p=252266"},"modified":"2022-03-30T08:12:14","modified_gmt":"2022-03-30T05:12:14","slug":"deyrezzorda-meydana-gelen-saldirida-bir-dsg-militani-olu-ve-digerler-yarali-dustu","status":"publish","type":"post","link":"https:\/\/archive.sana.sy\/tr\/?p=252266","title":{"rendered":"Deyrezzor\u2019da Meydana Gelen Sald\u0131r\u0131da Bir \u201cDSG\u201d Militan\u0131 \u00d6l\u00fc ve Di\u011ferler Yaral\u0131 D\u00fc\u015ft\u00fc"},"content":{"rendered":"<p style=\"text-align: justify;\">DEYREZZOR \u2013 Amerkikan i\u015fgalinden destekli \u201cDSG\u201d milislerinden bir militan Deyrezzor\u2019un do\u011fusunda ger\u00e7ekle\u015ftirilen bir sald\u0131r\u0131da \u00f6ld\u00fcr\u00fcld\u00fc.<\/p>\n<p style=\"text-align: justify;\">B\u00f6lge kaynaklar\u0131 SANA muhabirine yapt\u0131klar\u0131 a\u00e7\u0131klamada, pop\u00fcler direni\u015f gruplar\u0131n\u0131n Deyrezzor k\u0131rsal\u0131n\u0131n do\u011fusundaki el Sur Beldesinde bulunan \u201cDSG\u201d milislerine iat askeri bir noktas\u0131 y\u00f6nelik makineli t\u00fcfeklerin kullan\u0131ld\u0131\u011f\u0131 sald\u0131r\u0131da bulunduklar\u0131n\u0131 belirtti. Kaynaklar, sald\u0131r\u0131 sonucunda \u201cDSG\u201d milirlerinden bir militan\u0131n \u00f6ld\u00fcr\u00fcld\u00fc\u011f\u00fcn\u00fc ve di\u011fer 3\u2019\u00fcn de yaraland\u0131\u011f\u0131n\u0131 s\u00f6zlerine ekledi.<\/p>\n<p style=\"text-align: justify;\">P.M.<\/p>\n","protected":false},"excerpt":{"rendered":"<p>DEYREZZOR \u2013 Amerkikan i\u015fgalinden destekli \u201cDSG\u201d milislerinden bir militan Deyrezzor\u2019un do\u011fusunda ger\u00e7ekle\u015ftirilen bir sald\u0131r\u0131da \u00f6ld\u00fcr\u00fcld\u00fc. B\u00f6lge kaynaklar\u0131 SANA muhabirine yapt\u0131klar\u0131 a\u00e7\u0131klamada, pop\u00fcler direni\u015f gruplar\u0131n\u0131n Deyrezzor k\u0131rsal\u0131n\u0131n do\u011fusundaki el Sur Beldesinde bulunan \u201cDSG\u201d milislerine iat askeri bir noktas\u0131 y\u00f6nelik makineli t\u00fcfeklerin kullan\u0131ld\u0131\u011f\u0131 sald\u0131r\u0131da bulunduklar\u0131n\u0131 belirtti. Kaynaklar, sald\u0131r\u0131 sonucunda \u201cDSG\u201d milirlerinden bir militan\u0131n \u00f6ld\u00fcr\u00fcld\u00fc\u011f\u00fcn\u00fc ve di\u011fer 3\u2019\u00fcn &hellip;<\/p>\n","protected":false},"author":1,"featured_media":252267,"comment_status":"closed","ping_status":"closed","sticky":false,"template":"","format":"standard","meta":{"footnotes":""},"categories":[479,575,17988,478],"tags":[],"class_list":["post-252266","post","type-post","status-publish","format-standard","has-post-thumbnail","","category-haberler-yerel","category-olaylar-ve-gercekler","category-son-haberler","category-yerel"],"_links":{"self":[{"href":"https:\/\/archive.sana.sy\/tr\/index.php?rest_route=\/wp\/v2\/posts\/252266","targetHints":{"allow":["GET"]}}],"collection":[{"href":"https:\/\/archive.sana.sy\/tr\/index.php?rest_route=\/wp\/v2\/posts"}],"about":[{"href":"https:\/\/archive.sana.sy\/tr\/index.php?rest_route=\/wp\/v2\/types\/post"}],"author":[{"embeddable":true,"href":"https:\/\/archive.sana.sy\/tr\/index.php?rest_route=\/wp\/v2\/users\/1"}],"replies":[{"embeddable":true,"href":"https:\/\/archive.sana.sy\/tr\/index.php?rest_route=%2Fwp%2Fv2%2Fcomments&post=252266"}],"version-history":[{"count":0,"href":"https:\/\/archive.sana.sy\/tr\/index.php?rest_route=\/wp\/v2\/posts\/252266\/revisions"}],"wp:featuredmedia":[{"embeddable":true,"href":"https:\/\/archive.sana.sy\/tr\/index.php?rest_route=\/wp\/v2\/media\/252267"}],"wp:attachment":[{"href":"https:\/\/archive.sana.sy\/tr\/index.php?rest_route=%2Fwp%2Fv2%2Fmedia&parent=252266"}],"wp:term":[{"taxonomy":"category","embeddable":true,"href":"https:\/\/archive.sana.sy\/tr\/index.php?rest_route=%2Fwp%2Fv2%2Fcategories&post=252266"},{"taxonomy":"post_tag","embeddable":true,"href":"https:\/\/archive.sana.sy\/tr\/index.php?rest_route=%2Fwp%2Fv2%2Ftags&post=252266"}],"curies":[{"name":"wp","href":"https:\/\/api.w.org\/{rel}","templated":true}]}}