{"id":252388,"date":"2022-03-29T21:14:52","date_gmt":"2022-03-29T18:14:52","guid":{"rendered":"http:\/\/107.6.182.27\/tr\/?p=252388"},"modified":"2022-03-30T08:37:57","modified_gmt":"2022-03-30T05:37:57","slug":"bakanlar-kurulu-piyasalardaki-kontrol-turlarinin-yogunlastirilmasi-ve-ihlal-edenlere-agir-cezalarin-uygulanmasi","status":"publish","type":"post","link":"https:\/\/archive.sana.sy\/tr\/?p=252388","title":{"rendered":"Bakanlar Kurulu: Piyasalardaki Kontrol Turlar\u0131n\u0131n Yo\u011funla\u015ft\u0131r\u0131lmas\u0131 ve \u0130hlal Edenlere A\u011f\u0131r Cezalar\u0131n Uygulanmas\u0131"},"content":{"rendered":"<p style=\"text-align: justify;\">\u015eAM \u2013 Ramazan ay\u0131 boyunca piyasalar\u0131 kontrol etmek amac\u0131yla Bakanlar Kurulu bug\u00fcn Ba\u015fbakan H\u00fcseyin Arnus ba\u015fkanl\u0131\u011f\u0131ndaki haftal\u0131k oturumunda, ilgili bakanl\u0131klardan piyasalardaki izleme gezilerinin yo\u011funla\u015ft\u0131r\u0131lmas\u0131n\u0131 ve resmi fiyat b\u00fcltenine uyumun sa\u011flanmas\u0131, t\u00fcm malzemelerin piyasada yeterli miktarda bulunmas\u0131 ve ihlal edenler ve tekelciler i\u00e7in en a\u011f\u0131r yasal cezalar\u0131n uygulanmas\u0131 istedi.<\/p>\n<p style=\"text-align: justify;\">Bakanlar Kurulu, Vak\u0131flar ve Sosyal \u0130\u015fler ve \u00c7al\u0131\u015fma Bakanl\u0131klar\u0131n\u0131n hay\u0131r i\u015flerinin yayg\u0131nla\u015ft\u0131r\u0131lmas\u0131nda ve hay\u0131rsever ailelerin y\u00fck\u00fcn\u00fc hafifletecek \u015fekilde m\u00fcbarek ayda dernek \u00e7al\u0131\u015fmalar\u0131n\u0131n canland\u0131r\u0131lmas\u0131nda \u00f6nemli rol\u00fcne dikkat \u00e7ekti.<\/p>\n<p style=\"text-align: justify;\">Kurul ayr\u0131ca \u00f6zel hastaneler, t\u0131bbi analiz laboratuvarlar\u0131 ve eczaneler \u00fczerindeki denetimin yo\u011funla\u015ft\u0131r\u0131lmas\u0131n\u0131n ve bunlar\u0131n Sa\u011fl\u0131k Bakanl\u0131\u011f\u0131 taraf\u0131ndan belirlenen fiyatlara uygunlu\u011funun sa\u011flanmas\u0131n\u0131n \u00f6nemini vurgulad\u0131.<\/p>\n<p style=\"text-align: justify;\">\u00d6te yandan Kabine, \u00f6zel sekt\u00f6rle ortakl\u0131k projelerinin s\u00fcrekli olarak takip edilmesinin ve ekonomik yap\u0131y\u0131 g\u00fc\u00e7lendirecek, \u00fcretimi art\u0131racak ve yerel pazar\u0131n ihtiya\u00e7lar\u0131n\u0131 g\u00fcvence alt\u0131na alacak \u015fekilde belirlenen takvimlere g\u00f6re hizmete sunulmas\u0131n\u0131n \u00f6nemini vurgulad\u0131.<\/p>\n<p style=\"text-align: justify;\">P.M.<\/p>\n","protected":false},"excerpt":{"rendered":"<p>\u015eAM \u2013 Ramazan ay\u0131 boyunca piyasalar\u0131 kontrol etmek amac\u0131yla Bakanlar Kurulu bug\u00fcn Ba\u015fbakan H\u00fcseyin Arnus ba\u015fkanl\u0131\u011f\u0131ndaki haftal\u0131k oturumunda, ilgili bakanl\u0131klardan piyasalardaki izleme gezilerinin yo\u011funla\u015ft\u0131r\u0131lmas\u0131n\u0131 ve resmi fiyat b\u00fcltenine uyumun sa\u011flanmas\u0131, t\u00fcm malzemelerin piyasada yeterli miktarda bulunmas\u0131 ve ihlal edenler ve tekelciler i\u00e7in en a\u011f\u0131r yasal cezalar\u0131n uygulanmas\u0131 istedi. Bakanlar Kurulu, Vak\u0131flar ve Sosyal \u0130\u015fler ve &hellip;<\/p>\n","protected":false},"author":1,"featured_media":252389,"comment_status":"closed","ping_status":"closed","sticky":false,"template":"","format":"standard","meta":{"footnotes":""},"categories":[479,17988,478],"tags":[],"class_list":["post-252388","post","type-post","status-publish","format-standard","has-post-thumbnail","","category-haberler-yerel","category-son-haberler","category-yerel"],"_links":{"self":[{"href":"https:\/\/archive.sana.sy\/tr\/index.php?rest_route=\/wp\/v2\/posts\/252388","targetHints":{"allow":["GET"]}}],"collection":[{"href":"https:\/\/archive.sana.sy\/tr\/index.php?rest_route=\/wp\/v2\/posts"}],"about":[{"href":"https:\/\/archive.sana.sy\/tr\/index.php?rest_route=\/wp\/v2\/types\/post"}],"author":[{"embeddable":true,"href":"https:\/\/archive.sana.sy\/tr\/index.php?rest_route=\/wp\/v2\/users\/1"}],"replies":[{"embeddable":true,"href":"https:\/\/archive.sana.sy\/tr\/index.php?rest_route=%2Fwp%2Fv2%2Fcomments&post=252388"}],"version-history":[{"count":0,"href":"https:\/\/archive.sana.sy\/tr\/index.php?rest_route=\/wp\/v2\/posts\/252388\/revisions"}],"wp:featuredmedia":[{"embeddable":true,"href":"https:\/\/archive.sana.sy\/tr\/index.php?rest_route=\/wp\/v2\/media\/252389"}],"wp:attachment":[{"href":"https:\/\/archive.sana.sy\/tr\/index.php?rest_route=%2Fwp%2Fv2%2Fmedia&parent=252388"}],"wp:term":[{"taxonomy":"category","embeddable":true,"href":"https:\/\/archive.sana.sy\/tr\/index.php?rest_route=%2Fwp%2Fv2%2Fcategories&post=252388"},{"taxonomy":"post_tag","embeddable":true,"href":"https:\/\/archive.sana.sy\/tr\/index.php?rest_route=%2Fwp%2Fv2%2Ftags&post=252388"}],"curies":[{"name":"wp","href":"https:\/\/api.w.org\/{rel}","templated":true}]}}