{"id":25241,"date":"2015-03-01T13:09:52","date_gmt":"2015-03-01T11:09:52","guid":{"rendered":"http:\/\/www.sana.sy\/tr\/?p=25241"},"modified":"2015-03-01T14:13:09","modified_gmt":"2015-03-01T12:13:09","slug":"kaim-kazasinda-oldurulen-isid-cete-liderlerinin-isimlerini-desifre-etti","status":"publish","type":"post","link":"https:\/\/archive.sana.sy\/tr\/?p=25241","title":{"rendered":"Kaim Kazas\u0131nda \u00d6ld\u00fcr\u00fclen I\u015e\u0130D \u00c7ete Liderlerinin \u0130simlerini De\u015fifre Etti"},"content":{"rendered":"<p>BA\u011eDAT \u2013 Irak \u0130\u00e7i\u015fleri Bakanl\u0131\u011f\u0131 el Anbar ili bat\u0131s\u0131ndaki el Kaim Kazas\u0131ndaki toplanma merkezlerine y\u00f6nelik Irak u\u00e7aklar\u0131n\u0131n bombard\u0131manlar\u0131 sonucunda \u00f6len ve yaralanan I\u015e\u0130D ter\u00f6r \u00f6rg\u00fct\u00fc \u00e7ete liderlerinin adlar\u0131n\u0131 yay\u0131nlad\u0131.<\/p>\n<p>\u0130\u00e7i\u015fleri Bakanl\u0131\u011f\u0131na ba\u011fl\u0131 \u015eahinler \u0130stihbarat H\u00fccresi yay\u0131nlad\u0131\u011f\u0131 ve SANA\u2019n\u0131n bir n\u00fcshas\u0131n\u0131 ald\u0131\u011f\u0131 beyanda, bombard\u0131manlar\u0131n ge\u00e7en hafta \u00c7ar\u015famba g\u00fcn\u00fc I\u015e\u0130D ter\u00f6r \u00f6rg\u00fct\u00fcn\u00fcn s\u00f6zde \u201cbirinci saf komutanl\u0131klar\u0131\u201d adl\u0131 toplant\u0131lar\u0131n\u0131 hedef almas\u0131 sonucunda 30 ki\u015finin \u00f6ld\u00fc\u011f\u00fcn\u00fc 10 ki\u015finin de yaraland\u0131\u011f\u0131n\u0131 s\u00f6yledi.<\/p>\n<p>Beyan, \u00f6len ve yaralananlar\u0131n Irak, Yabanc\u0131 ve Arap uyruklu olduklar\u0131n\u0131, \u00f6lenlerin aras\u0131nda, ter\u00f6rist Ebu Bekir el Ba\u011fdadi\u2019nin yard\u0131mc\u0131s\u0131 Irakl\u0131 Ebu Mus\u2019ab, Suudili Ebu Azzam ve Ebu Ducane, T\u00fcrkmenli \u00cabu M\u00fcslim lakapl\u0131 Fad\u0131l Hayyali, Suriyeli Ebu Talha, \u00c7e\u00e7enli Ebu Ay\u015fe, ter\u00f6rist Hosrasan \u00f6rg\u00fct\u00fc liderlerinden Kuveytli Yusuf Bender, Kerbulili Me\u015f\u2019an Halaf Zoba, Libyal\u0131 Ebu Ahmad ve di\u011ferlerinin bulundu\u011funu ifade etti.<\/p>\n<p>Bu arada Irak Ordusu Tikrit B\u00f6lgesinin yan\u0131 s\u0131ra Selahattin \u0130linde Alem ve Dovr b\u00f6lgelerini I\u015e\u0130D ter\u00f6ristlerinden temizlemek amac\u0131yla havadan ve karadan geni\u015f \u00e7apl\u0131 askeri bir operasyon ba\u015flatt\u0131.<\/p>\n<p>Di\u011fer yandan Irakl\u0131 kaynaklar Tikrit \u0130linin Albuceyl ve Albunas\u0131r b\u00f6lgelerinde I\u015e\u0130D \u00e7etelerinin siper ve \u00f6n savunma hatlar\u0131n\u0131n bertaraf edildi\u011fini belirtti.<\/p>\n<p>Irakl\u0131 kaynaklar I\u015e\u0130D ter\u00f6r \u00f6rg\u00fct\u00fcn\u00fcn \u00e7at\u0131\u015fmalardan ka\u00e7an ter\u00f6ristleri idam etme amac\u0131yla \u00f6zel ter\u00f6r birlikleri te\u015fkil etmeye ba\u015flad\u0131\u011f\u0131n\u0131 aktard\u0131.<\/p>\n<p>S.\u015e. &#8211; A.A. &#8211; R.H.<\/p>\n","protected":false},"excerpt":{"rendered":"<p>BA\u011eDAT \u2013 Irak \u0130\u00e7i\u015fleri Bakanl\u0131\u011f\u0131 el Anbar ili bat\u0131s\u0131ndaki el Kaim Kazas\u0131ndaki toplanma merkezlerine y\u00f6nelik Irak u\u00e7aklar\u0131n\u0131n bombard\u0131manlar\u0131 sonucunda \u00f6len ve yaralanan I\u015e\u0130D ter\u00f6r \u00f6rg\u00fct\u00fc \u00e7ete liderlerinin adlar\u0131n\u0131 yay\u0131nlad\u0131. \u0130\u00e7i\u015fleri Bakanl\u0131\u011f\u0131na ba\u011fl\u0131 \u015eahinler \u0130stihbarat H\u00fccresi yay\u0131nlad\u0131\u011f\u0131 ve SANA\u2019n\u0131n bir n\u00fcshas\u0131n\u0131 ald\u0131\u011f\u0131 beyanda, bombard\u0131manlar\u0131n ge\u00e7en hafta \u00c7ar\u015famba g\u00fcn\u00fc I\u015e\u0130D ter\u00f6r \u00f6rg\u00fct\u00fcn\u00fcn s\u00f6zde \u201cbirinci saf komutanl\u0131klar\u0131\u201d adl\u0131 &hellip;<\/p>\n","protected":false},"author":1,"featured_media":25246,"comment_status":"closed","ping_status":"closed","sticky":false,"template":"","format":"standard","meta":{"footnotes":""},"categories":[458,459,447],"tags":[12001],"class_list":["post-25241","post","type-post","status-publish","format-standard","has-post-thumbnail","","category-dunya1","category-haberler-arap-uluslararasi-politika","category-politika","tag-kaim-kazasinda-oldurulen-isid-cete-liderlerinin-isimlerini-desifre-etti-bagdat-irak-icisleri-bakanligi-el-anbar-ili-batisindaki-el-kaim-kazasindaki-toplanma-merkezlerine-yonelik-irak-ucaklar"],"_links":{"self":[{"href":"https:\/\/archive.sana.sy\/tr\/index.php?rest_route=\/wp\/v2\/posts\/25241","targetHints":{"allow":["GET"]}}],"collection":[{"href":"https:\/\/archive.sana.sy\/tr\/index.php?rest_route=\/wp\/v2\/posts"}],"about":[{"href":"https:\/\/archive.sana.sy\/tr\/index.php?rest_route=\/wp\/v2\/types\/post"}],"author":[{"embeddable":true,"href":"https:\/\/archive.sana.sy\/tr\/index.php?rest_route=\/wp\/v2\/users\/1"}],"replies":[{"embeddable":true,"href":"https:\/\/archive.sana.sy\/tr\/index.php?rest_route=%2Fwp%2Fv2%2Fcomments&post=25241"}],"version-history":[{"count":0,"href":"https:\/\/archive.sana.sy\/tr\/index.php?rest_route=\/wp\/v2\/posts\/25241\/revisions"}],"wp:featuredmedia":[{"embeddable":true,"href":"https:\/\/archive.sana.sy\/tr\/index.php?rest_route=\/wp\/v2\/media\/25246"}],"wp:attachment":[{"href":"https:\/\/archive.sana.sy\/tr\/index.php?rest_route=%2Fwp%2Fv2%2Fmedia&parent=25241"}],"wp:term":[{"taxonomy":"category","embeddable":true,"href":"https:\/\/archive.sana.sy\/tr\/index.php?rest_route=%2Fwp%2Fv2%2Fcategories&post=25241"},{"taxonomy":"post_tag","embeddable":true,"href":"https:\/\/archive.sana.sy\/tr\/index.php?rest_route=%2Fwp%2Fv2%2Ftags&post=25241"}],"curies":[{"name":"wp","href":"https:\/\/api.w.org\/{rel}","templated":true}]}}