{"id":252426,"date":"2022-03-30T11:52:28","date_gmt":"2022-03-30T08:52:28","guid":{"rendered":"http:\/\/107.6.182.27\/tr\/?p=252426"},"modified":"2022-03-31T11:18:29","modified_gmt":"2022-03-31T08:18:29","slug":"donbassi-korumak-icin-rus-ozel-askeri-operasyonunun-35-gunu","status":"publish","type":"post","link":"https:\/\/archive.sana.sy\/tr\/?p=252426","title":{"rendered":"Donbass\u2019\u0131 Korumak \u0130\u00e7in Rus \u00d6zel Askeri Operasyonunun 35. G\u00fcn\u00fc"},"content":{"rendered":"<ul>\n<li>Rus Savunmas\u0131: (Pantsir) sistemi taraf\u0131ndan hedef al\u0131nd\u0131ktan sonra geli\u015fmi\u015f bir Ukrayna insans\u0131z hava arac\u0131n\u0131 d\u00fc\u015f\u00fcr\u00fcld\u00fc.<\/li>\n<li>Rusya Savunmas\u0131, Ukrayna&#8217;n\u0131n Uman kentini bombalama iddialar\u0131na yan\u0131t olarak: Rus g\u00fc\u00e7leri ibadethaneler de dahil olmak \u00fczere hi\u00e7bir sivil alan\u0131 bombalam\u0131yor.<\/li>\n<li>Rus Savunmas\u0131: Rus Hava Kuvvetleri ge\u00e7ti\u011fimiz g\u00fcn 64 Ukrayna askeri tesisini ve iki b\u00fcy\u00fck Ukrayna f\u00fcze ve top deposunu, (\u0130skender) f\u00fczeleri ile imha etti.<\/li>\n<li>Ukrayna kuvvetleri, Lugansk ve Donetsk&#8217;e f\u00fcze ve roketlerle bombard\u0131man\u0131n S\u00fcrd\u00fcr\u00fcyor.<\/li>\n<li>Rus savunmas\u0131: ge\u00e7en g\u00fcn 64 Ukrayna askeri tesisi imha etti.<\/li>\n<li>Moskova: Ukrayna&#8217;daki biyolojik silah bile\u015fenleri \u00fcreticilerinin belirlenmesi.<\/li>\n<li>Riyabkov: Bat\u0131\u2019n\u0131n Rusya\u2019ya kar\u015f\u0131 kolektif davran\u0131\u015f\u0131 utan\u00e7 verici ve kabul edilemez.<\/li>\n<li>Rus g\u00fc\u00e7leri Kiev&#8217;de bir grup Nazi\u2019yi ortadan kald\u0131rd\u0131.<\/li>\n<li>Rus acil durumu: Donbass ve Ukrayna\u2019ya 250 ton insani yard\u0131m ula\u015ft\u0131rd\u0131.<\/li>\n<li>Moskova: Kiev, ilk taleplerimizi kar\u015f\u0131lamay\u0131 kabul etti.<\/li>\n<li>Rus savunmas\u0131: ge\u00e7en g\u00fcn 64 Ukrayna askeri tesisi imha etti.<\/li>\n<li>Mishustin: Rusya ekonomisini, yapt\u0131r\u0131mlar\u0131n arka plan\u0131na kar\u015f\u0131 desteklemek i\u00e7in yeni bir paket.<\/li>\n<li>Berlin&#8217;deki bir sava\u015f an\u0131t\u0131na yap\u0131lan sayg\u0131s\u0131zl\u0131\u011fa kar\u015f\u0131 bir Rus protesto notu.<\/li>\n<\/ul>\n","protected":false},"excerpt":{"rendered":"<p>Rus Savunmas\u0131: (Pantsir) sistemi taraf\u0131ndan hedef al\u0131nd\u0131ktan sonra geli\u015fmi\u015f bir Ukrayna insans\u0131z hava arac\u0131n\u0131 d\u00fc\u015f\u00fcr\u00fcld\u00fc. Rusya Savunmas\u0131, Ukrayna&#8217;n\u0131n Uman kentini bombalama iddialar\u0131na yan\u0131t olarak: Rus g\u00fc\u00e7leri ibadethaneler de dahil olmak \u00fczere hi\u00e7bir sivil alan\u0131 bombalam\u0131yor. Rus Savunmas\u0131: Rus Hava Kuvvetleri ge\u00e7ti\u011fimiz g\u00fcn 64 Ukrayna askeri tesisini ve iki b\u00fcy\u00fck Ukrayna f\u00fcze ve top deposunu, (\u0130skender) &hellip;<\/p>\n","protected":false},"author":36,"featured_media":252427,"comment_status":"closed","ping_status":"closed","sticky":false,"template":"","format":"standard","meta":{"footnotes":""},"categories":[458,459,17988],"tags":[],"class_list":["post-252426","post","type-post","status-publish","format-standard","has-post-thumbnail","","category-dunya1","category-haberler-arap-uluslararasi-politika","category-son-haberler"],"_links":{"self":[{"href":"https:\/\/archive.sana.sy\/tr\/index.php?rest_route=\/wp\/v2\/posts\/252426","targetHints":{"allow":["GET"]}}],"collection":[{"href":"https:\/\/archive.sana.sy\/tr\/index.php?rest_route=\/wp\/v2\/posts"}],"about":[{"href":"https:\/\/archive.sana.sy\/tr\/index.php?rest_route=\/wp\/v2\/types\/post"}],"author":[{"embeddable":true,"href":"https:\/\/archive.sana.sy\/tr\/index.php?rest_route=\/wp\/v2\/users\/36"}],"replies":[{"embeddable":true,"href":"https:\/\/archive.sana.sy\/tr\/index.php?rest_route=%2Fwp%2Fv2%2Fcomments&post=252426"}],"version-history":[{"count":0,"href":"https:\/\/archive.sana.sy\/tr\/index.php?rest_route=\/wp\/v2\/posts\/252426\/revisions"}],"wp:featuredmedia":[{"embeddable":true,"href":"https:\/\/archive.sana.sy\/tr\/index.php?rest_route=\/wp\/v2\/media\/252427"}],"wp:attachment":[{"href":"https:\/\/archive.sana.sy\/tr\/index.php?rest_route=%2Fwp%2Fv2%2Fmedia&parent=252426"}],"wp:term":[{"taxonomy":"category","embeddable":true,"href":"https:\/\/archive.sana.sy\/tr\/index.php?rest_route=%2Fwp%2Fv2%2Fcategories&post=252426"},{"taxonomy":"post_tag","embeddable":true,"href":"https:\/\/archive.sana.sy\/tr\/index.php?rest_route=%2Fwp%2Fv2%2Ftags&post=252426"}],"curies":[{"name":"wp","href":"https:\/\/api.w.org\/{rel}","templated":true}]}}