{"id":252452,"date":"2022-03-30T13:27:56","date_gmt":"2022-03-30T10:27:56","guid":{"rendered":"http:\/\/107.6.182.27\/tr\/?p=252452"},"modified":"2022-04-01T08:52:54","modified_gmt":"2022-04-01T05:52:54","slug":"isgalci-turkiyenin-kiraliklari-rakkada-ayn-isa-kenti-ve-m4-karayolunu-bombaladi","status":"publish","type":"post","link":"https:\/\/archive.sana.sy\/tr\/?p=252452","title":{"rendered":"\u0130\u015fgalci T\u00fcrkiye\u2019nin Kiral\u0131klar\u0131, Rakka&#8217;da Ayn \u0130sa kenti ve M4 karayolunu bombalad\u0131"},"content":{"rendered":"<p>RAKKA \u2013 T\u00fcrk i\u015fgaline ba\u011fl\u0131 ter\u00f6r gruplar\u0131, Ayn \u0130sa kenti \u00e7evresini ve Rakka&#8217;n\u0131n kuzeyindeki M4 uluslararas\u0131 karayolu a\u011f\u0131r toplarla bombalad\u0131.<\/p>\n<p>Yerel kaynaklar SANA muhabirine, Rakka k\u0131rsal\u0131n\u0131n kuzeyinde yer alan Ayn isa kenti \u00e7evresini ve M4 Yolu T\u00fcrk i\u015fgal g\u00fc\u00e7lerinin destekledi\u011fi ter\u00f6r gruplar\u0131n a\u011f\u0131r top\u00e7u at\u0131\u015flar\u0131na tan\u0131k oldu\u011funu belirtti.<\/p>\n<p>Kaynaklar, bombalaman\u0131n halk\u0131n m\u00fclklerinde maddi hasara ve halk aras\u0131nda pani\u011fe yol a\u00e7t\u0131\u011f\u0131n\u0131 belirtirken, uluslararas\u0131 karayolu ile kom\u015fu k\u00f6y ve beldelerdeki hareketin durulmas\u0131na da neden oldu\u011funa i\u015faret etti.<\/p>\n","protected":false},"excerpt":{"rendered":"<p>RAKKA \u2013 T\u00fcrk i\u015fgaline ba\u011fl\u0131 ter\u00f6r gruplar\u0131, Ayn \u0130sa kenti \u00e7evresini ve Rakka&#8217;n\u0131n kuzeyindeki M4 uluslararas\u0131 karayolu a\u011f\u0131r toplarla bombalad\u0131. Yerel kaynaklar SANA muhabirine, Rakka k\u0131rsal\u0131n\u0131n kuzeyinde yer alan Ayn isa kenti \u00e7evresini ve M4 Yolu T\u00fcrk i\u015fgal g\u00fc\u00e7lerinin destekledi\u011fi ter\u00f6r gruplar\u0131n a\u011f\u0131r top\u00e7u at\u0131\u015flar\u0131na tan\u0131k oldu\u011funu belirtti. Kaynaklar, bombalaman\u0131n halk\u0131n m\u00fclklerinde maddi hasara ve &hellip;<\/p>\n","protected":false},"author":36,"featured_media":252453,"comment_status":"closed","ping_status":"closed","sticky":false,"template":"","format":"standard","meta":{"footnotes":""},"categories":[479,575,17988,2554,2555,478],"tags":[],"class_list":["post-252452","post","type-post","status-publish","format-standard","has-post-thumbnail","","category-haberler-yerel","category-olaylar-ve-gercekler","category-son-haberler","category-suriye-ve-dunya","category-suriye-ve-turkiye","category-yerel"],"_links":{"self":[{"href":"https:\/\/archive.sana.sy\/tr\/index.php?rest_route=\/wp\/v2\/posts\/252452","targetHints":{"allow":["GET"]}}],"collection":[{"href":"https:\/\/archive.sana.sy\/tr\/index.php?rest_route=\/wp\/v2\/posts"}],"about":[{"href":"https:\/\/archive.sana.sy\/tr\/index.php?rest_route=\/wp\/v2\/types\/post"}],"author":[{"embeddable":true,"href":"https:\/\/archive.sana.sy\/tr\/index.php?rest_route=\/wp\/v2\/users\/36"}],"replies":[{"embeddable":true,"href":"https:\/\/archive.sana.sy\/tr\/index.php?rest_route=%2Fwp%2Fv2%2Fcomments&post=252452"}],"version-history":[{"count":0,"href":"https:\/\/archive.sana.sy\/tr\/index.php?rest_route=\/wp\/v2\/posts\/252452\/revisions"}],"wp:featuredmedia":[{"embeddable":true,"href":"https:\/\/archive.sana.sy\/tr\/index.php?rest_route=\/wp\/v2\/media\/252453"}],"wp:attachment":[{"href":"https:\/\/archive.sana.sy\/tr\/index.php?rest_route=%2Fwp%2Fv2%2Fmedia&parent=252452"}],"wp:term":[{"taxonomy":"category","embeddable":true,"href":"https:\/\/archive.sana.sy\/tr\/index.php?rest_route=%2Fwp%2Fv2%2Fcategories&post=252452"},{"taxonomy":"post_tag","embeddable":true,"href":"https:\/\/archive.sana.sy\/tr\/index.php?rest_route=%2Fwp%2Fv2%2Ftags&post=252452"}],"curies":[{"name":"wp","href":"https:\/\/api.w.org\/{rel}","templated":true}]}}