{"id":252455,"date":"2022-03-30T13:56:02","date_gmt":"2022-03-30T10:56:02","guid":{"rendered":"http:\/\/107.6.182.27\/tr\/?p=252455"},"modified":"2022-03-31T08:32:27","modified_gmt":"2022-03-31T05:32:27","slug":"dera-kirsalinda-meydana-gelen-teror-saldirisinda-2-guvenlik-gorevlisi-sehit-dustu-digerleri-de-yaralandi","status":"publish","type":"post","link":"https:\/\/archive.sana.sy\/tr\/?p=252455","title":{"rendered":"Dera K\u0131rsal\u0131nda Meydana Gelen Ter\u00f6r Sald\u0131r\u0131s\u0131nda 2 G\u00fcvenlik G\u00f6revlisi \u015eehit D\u00fc\u015ft\u00fc, Di\u011ferleri De Yaraland\u0131"},"content":{"rendered":"<p>DERA \u2013 Dera k\u0131rsal\u0131n\u0131n kuzeyinde bir polis devriyesini hedef alan ter\u00f6r sald\u0131r\u0131s\u0131nda \u0130\u00e7 G\u00fcvenlik Kuvvetleri mensubu iki ki\u015fi \u015fehit d\u00fc\u015ft\u00fc, iki ki\u015fi de yaraland\u0131.<\/p>\n<p>Dera Polis Komutanl\u0131\u011f\u0131&#8217;ndan bir kaynak SANA muhabirine yapt\u0131\u011f\u0131 a\u00e7\u0131klamada, bir ter\u00f6r grubunun &#8220;Dera k\u0131rsal\u0131n\u0131n kuzeyinde yer alan Hirbet \u011eazala ile Dail kenti aras\u0131ndaki uluslararas\u0131 karayolu \u00fczerinde bir polis devriyesine otomatik silahlarla sald\u0131rd\u0131\u011f\u0131n\u0131 belirtirken, bunun sonucunda iki \u00fcyenin \u015fehit d\u00fc\u015fmesine ve di\u011ferlerinin yaralanmas\u0131na neden oldu\u011funa i\u015faret etti.<\/p>\n","protected":false},"excerpt":{"rendered":"<p>DERA \u2013 Dera k\u0131rsal\u0131n\u0131n kuzeyinde bir polis devriyesini hedef alan ter\u00f6r sald\u0131r\u0131s\u0131nda \u0130\u00e7 G\u00fcvenlik Kuvvetleri mensubu iki ki\u015fi \u015fehit d\u00fc\u015ft\u00fc, iki ki\u015fi de yaraland\u0131. Dera Polis Komutanl\u0131\u011f\u0131&#8217;ndan bir kaynak SANA muhabirine yapt\u0131\u011f\u0131 a\u00e7\u0131klamada, bir ter\u00f6r grubunun &#8220;Dera k\u0131rsal\u0131n\u0131n kuzeyinde yer alan Hirbet \u011eazala ile Dail kenti aras\u0131ndaki uluslararas\u0131 karayolu \u00fczerinde bir polis devriyesine otomatik silahlarla &hellip;<\/p>\n","protected":false},"author":36,"featured_media":252456,"comment_status":"closed","ping_status":"closed","sticky":false,"template":"","format":"standard","meta":{"footnotes":""},"categories":[479,575,17988,478],"tags":[],"class_list":["post-252455","post","type-post","status-publish","format-standard","has-post-thumbnail","","category-haberler-yerel","category-olaylar-ve-gercekler","category-son-haberler","category-yerel"],"_links":{"self":[{"href":"https:\/\/archive.sana.sy\/tr\/index.php?rest_route=\/wp\/v2\/posts\/252455","targetHints":{"allow":["GET"]}}],"collection":[{"href":"https:\/\/archive.sana.sy\/tr\/index.php?rest_route=\/wp\/v2\/posts"}],"about":[{"href":"https:\/\/archive.sana.sy\/tr\/index.php?rest_route=\/wp\/v2\/types\/post"}],"author":[{"embeddable":true,"href":"https:\/\/archive.sana.sy\/tr\/index.php?rest_route=\/wp\/v2\/users\/36"}],"replies":[{"embeddable":true,"href":"https:\/\/archive.sana.sy\/tr\/index.php?rest_route=%2Fwp%2Fv2%2Fcomments&post=252455"}],"version-history":[{"count":0,"href":"https:\/\/archive.sana.sy\/tr\/index.php?rest_route=\/wp\/v2\/posts\/252455\/revisions"}],"wp:featuredmedia":[{"embeddable":true,"href":"https:\/\/archive.sana.sy\/tr\/index.php?rest_route=\/wp\/v2\/media\/252456"}],"wp:attachment":[{"href":"https:\/\/archive.sana.sy\/tr\/index.php?rest_route=%2Fwp%2Fv2%2Fmedia&parent=252455"}],"wp:term":[{"taxonomy":"category","embeddable":true,"href":"https:\/\/archive.sana.sy\/tr\/index.php?rest_route=%2Fwp%2Fv2%2Fcategories&post=252455"},{"taxonomy":"post_tag","embeddable":true,"href":"https:\/\/archive.sana.sy\/tr\/index.php?rest_route=%2Fwp%2Fv2%2Ftags&post=252455"}],"curies":[{"name":"wp","href":"https:\/\/api.w.org\/{rel}","templated":true}]}}