{"id":252485,"date":"2022-03-31T09:30:38","date_gmt":"2022-03-31T06:30:38","guid":{"rendered":"http:\/\/107.6.182.27\/tr\/?p=252485"},"modified":"2022-04-01T08:53:41","modified_gmt":"2022-04-01T05:53:41","slug":"israil-isgal-gucleri-bati-yakada-22-filistinliyi-tutukladi","status":"publish","type":"post","link":"https:\/\/archive.sana.sy\/tr\/?p=252485","title":{"rendered":"\u0130srail \u0130\u015fgal G\u00fc\u00e7leri, Bat\u0131 Yaka\u2019da 22 Filistinliyi Tutuklad\u0131"},"content":{"rendered":"<p>\u0130\u015eGAL ED\u0130LEN KUD\u00dcS \u2013 \u0130srail i\u015fgal g\u00fc\u00e7leri, Bat\u0131 yaka\u2019n\u0131n farkl\u0131 b\u00f6lgelerinde 22 Filistinliyi tutuklad\u0131.<\/p>\n<p>Filistinli WAFA Haber Ajans\u0131, \u0130srail i\u015fgal g\u00fc\u00e7lerinin, El Halil ve KalKila kentlerinde birka\u00e7 mahalle, Cenin\u2019deki \u00a0Yabud beldesi, Beyt Lahm\u2019daki Ayida kamp\u0131 ve i\u015fgal alt\u0131ndaki Kud\u00fcs\u2019teki Kilindye, Nablus\u2019taki Salem, Silfit\u2019taki El Zaviye ve Kalkila\u2019daki Aazun beldelerine bask\u0131n d\u00fczenledi\u011fini belirtirken, 22 Filistinliyi tutuklad\u0131\u011f\u0131na i\u015faret etti.<\/p>\n","protected":false},"excerpt":{"rendered":"<p>\u0130\u015eGAL ED\u0130LEN KUD\u00dcS \u2013 \u0130srail i\u015fgal g\u00fc\u00e7leri, Bat\u0131 yaka\u2019n\u0131n farkl\u0131 b\u00f6lgelerinde 22 Filistinliyi tutuklad\u0131. Filistinli WAFA Haber Ajans\u0131, \u0130srail i\u015fgal g\u00fc\u00e7lerinin, El Halil ve KalKila kentlerinde birka\u00e7 mahalle, Cenin\u2019deki \u00a0Yabud beldesi, Beyt Lahm\u2019daki Ayida kamp\u0131 ve i\u015fgal alt\u0131ndaki Kud\u00fcs\u2019teki Kilindye, Nablus\u2019taki Salem, Silfit\u2019taki El Zaviye ve Kalkila\u2019daki Aazun beldelerine bask\u0131n d\u00fczenledi\u011fini belirtirken, 22 Filistinliyi tutuklad\u0131\u011f\u0131na &hellip;<\/p>\n","protected":false},"author":36,"featured_media":252486,"comment_status":"closed","ping_status":"closed","sticky":false,"template":"","format":"standard","meta":{"footnotes":""},"categories":[458,459,17988],"tags":[],"class_list":["post-252485","post","type-post","status-publish","format-standard","has-post-thumbnail","","category-dunya1","category-haberler-arap-uluslararasi-politika","category-son-haberler"],"_links":{"self":[{"href":"https:\/\/archive.sana.sy\/tr\/index.php?rest_route=\/wp\/v2\/posts\/252485","targetHints":{"allow":["GET"]}}],"collection":[{"href":"https:\/\/archive.sana.sy\/tr\/index.php?rest_route=\/wp\/v2\/posts"}],"about":[{"href":"https:\/\/archive.sana.sy\/tr\/index.php?rest_route=\/wp\/v2\/types\/post"}],"author":[{"embeddable":true,"href":"https:\/\/archive.sana.sy\/tr\/index.php?rest_route=\/wp\/v2\/users\/36"}],"replies":[{"embeddable":true,"href":"https:\/\/archive.sana.sy\/tr\/index.php?rest_route=%2Fwp%2Fv2%2Fcomments&post=252485"}],"version-history":[{"count":0,"href":"https:\/\/archive.sana.sy\/tr\/index.php?rest_route=\/wp\/v2\/posts\/252485\/revisions"}],"wp:featuredmedia":[{"embeddable":true,"href":"https:\/\/archive.sana.sy\/tr\/index.php?rest_route=\/wp\/v2\/media\/252486"}],"wp:attachment":[{"href":"https:\/\/archive.sana.sy\/tr\/index.php?rest_route=%2Fwp%2Fv2%2Fmedia&parent=252485"}],"wp:term":[{"taxonomy":"category","embeddable":true,"href":"https:\/\/archive.sana.sy\/tr\/index.php?rest_route=%2Fwp%2Fv2%2Fcategories&post=252485"},{"taxonomy":"post_tag","embeddable":true,"href":"https:\/\/archive.sana.sy\/tr\/index.php?rest_route=%2Fwp%2Fv2%2Ftags&post=252485"}],"curies":[{"name":"wp","href":"https:\/\/api.w.org\/{rel}","templated":true}]}}