{"id":25249,"date":"2015-03-01T13:48:59","date_gmt":"2015-03-01T11:48:59","guid":{"rendered":"http:\/\/www.sana.sy\/tr\/?p=25249"},"modified":"2015-03-01T13:48:59","modified_gmt":"2015-03-01T11:48:59","slug":"hasekede-isid-depolarinda-suudi-mali-paketler-bulundu","status":"publish","type":"post","link":"https:\/\/archive.sana.sy\/tr\/?p=25249","title":{"rendered":"Haseke\u2019de I\u015e\u0130D Depolar\u0131nda Suudi Mal\u0131 Paketler Bulundu"},"content":{"rendered":"<p>HASEKE \u2013 Vatan koruyucular\u0131m\u0131z Haseke k\u0131rsal\u0131n\u0131n g\u00fcneyi ve g\u00fcneydo\u011fusunda Tel Brek B\u00f6lgesi civar\u0131nda 21 k\u00f6y, belde ve mezray\u0131 I\u015e\u0130D \u00e7etelerinden temizlemesi ard\u0131ndan b\u00f6lgede arama tarama operasyonu ba\u015flatt\u0131.<\/p>\n<p>Operasyonda I\u015e\u0130D \u00e7etelerinin yerle\u015ftirdikleri bir\u00e7ok bomba d\u00fczenekleri etkisizle\u015ftirilirken muhtelif t\u00fcrlerde silah ve m\u00fchimmat ele ge\u00e7irildi.<\/p>\n<p>Ayn\u0131 zamanda I\u015e\u0130D karargahlar\u0131 ve depolar\u0131nda b\u00fcy\u00fck miktarda Suudi Arabistan mal\u0131 g\u0131da ve t\u00fcketim maddeleri ele ge\u00e7irdi.<\/p>\n<div id='gallery-1' class='gallery galleryid-25249 gallery-columns-3 gallery-size-thumbnail'><figure class='gallery-item'>\n\t\t\t<div class='gallery-icon landscape'>\n\t\t\t\t<a href='https:\/\/archive.sana.sy\/tr\/wp-content\/uploads\/2015\/03\/Haseke-1.jpg'><img loading=\"lazy\" decoding=\"async\" width=\"150\" height=\"100\" src=\"https:\/\/archive.sana.sy\/tr\/wp-content\/uploads\/2015\/03\/Haseke-1-150x100.jpg\" class=\"attachment-thumbnail size-thumbnail\" alt=\"\" srcset=\"https:\/\/archive.sana.sy\/tr\/wp-content\/uploads\/2015\/03\/Haseke-1-150x100.jpg 150w, https:\/\/archive.sana.sy\/tr\/wp-content\/uploads\/2015\/03\/Haseke-1-300x199.jpg 300w, https:\/\/archive.sana.sy\/tr\/wp-content\/uploads\/2015\/03\/Haseke-1.jpg 599w\" sizes=\"auto, (max-width: 150px) 100vw, 150px\" \/><\/a>\n\t\t\t<\/div><\/figure><figure class='gallery-item'>\n\t\t\t<div class='gallery-icon landscape'>\n\t\t\t\t<a href='https:\/\/archive.sana.sy\/tr\/wp-content\/uploads\/2015\/03\/Haseke-2.jpg'><img loading=\"lazy\" decoding=\"async\" width=\"150\" height=\"100\" src=\"https:\/\/archive.sana.sy\/tr\/wp-content\/uploads\/2015\/03\/Haseke-2-150x100.jpg\" class=\"attachment-thumbnail size-thumbnail\" alt=\"\" srcset=\"https:\/\/archive.sana.sy\/tr\/wp-content\/uploads\/2015\/03\/Haseke-2-150x100.jpg 150w, https:\/\/archive.sana.sy\/tr\/wp-content\/uploads\/2015\/03\/Haseke-2-300x199.jpg 300w, https:\/\/archive.sana.sy\/tr\/wp-content\/uploads\/2015\/03\/Haseke-2.jpg 599w\" sizes=\"auto, (max-width: 150px) 100vw, 150px\" \/><\/a>\n\t\t\t<\/div><\/figure><figure class='gallery-item'>\n\t\t\t<div class='gallery-icon landscape'>\n\t\t\t\t<a href='https:\/\/archive.sana.sy\/tr\/wp-content\/uploads\/2015\/03\/Haseke-3.jpg'><img loading=\"lazy\" decoding=\"async\" width=\"150\" height=\"100\" src=\"https:\/\/archive.sana.sy\/tr\/wp-content\/uploads\/2015\/03\/Haseke-3-150x100.jpg\" class=\"attachment-thumbnail size-thumbnail\" alt=\"\" srcset=\"https:\/\/archive.sana.sy\/tr\/wp-content\/uploads\/2015\/03\/Haseke-3-150x100.jpg 150w, https:\/\/archive.sana.sy\/tr\/wp-content\/uploads\/2015\/03\/Haseke-3-300x199.jpg 300w, https:\/\/archive.sana.sy\/tr\/wp-content\/uploads\/2015\/03\/Haseke-3.jpg 599w\" sizes=\"auto, (max-width: 150px) 100vw, 150px\" \/><\/a>\n\t\t\t<\/div><\/figure>\n\t\t<\/div>\n\n<p>A.A. &#8211; R.H.<\/p>\n","protected":false},"excerpt":{"rendered":"<p>HASEKE \u2013 Vatan koruyucular\u0131m\u0131z Haseke k\u0131rsal\u0131n\u0131n g\u00fcneyi ve g\u00fcneydo\u011fusunda Tel Brek B\u00f6lgesi civar\u0131nda 21 k\u00f6y, belde ve mezray\u0131 I\u015e\u0130D \u00e7etelerinden temizlemesi ard\u0131ndan b\u00f6lgede arama tarama operasyonu ba\u015flatt\u0131. Operasyonda I\u015e\u0130D \u00e7etelerinin yerle\u015ftirdikleri bir\u00e7ok bomba d\u00fczenekleri etkisizle\u015ftirilirken muhtelif t\u00fcrlerde silah ve m\u00fchimmat ele ge\u00e7irildi. Ayn\u0131 zamanda I\u015e\u0130D karargahlar\u0131 ve depolar\u0131nda b\u00fcy\u00fck miktarda Suudi Arabistan mal\u0131 g\u0131da ve &hellip;<\/p>\n","protected":false},"author":1,"featured_media":25253,"comment_status":"closed","ping_status":"closed","sticky":false,"template":"","format":"standard","meta":{"footnotes":""},"categories":[479,478],"tags":[12003,12002],"class_list":["post-25249","post","type-post","status-publish","format-standard","has-post-thumbnail","","category-haberler-yerel","category-yerel","tag-belde-ve-mezrayi-isid-cetelerinden-temizlemesi-ardindan-bolgede-arama-tarama-operasyonu-baslatti","tag-hasekede-isid-depolarinda-suudi-mali-paketler-bulundu-haseke-vatan-koruyucularimiz-haseke-kirsalinin-guneyi-ve-guneydogusunda-tel-brek-bolgesi-civarinda-21-koy"],"_links":{"self":[{"href":"https:\/\/archive.sana.sy\/tr\/index.php?rest_route=\/wp\/v2\/posts\/25249","targetHints":{"allow":["GET"]}}],"collection":[{"href":"https:\/\/archive.sana.sy\/tr\/index.php?rest_route=\/wp\/v2\/posts"}],"about":[{"href":"https:\/\/archive.sana.sy\/tr\/index.php?rest_route=\/wp\/v2\/types\/post"}],"author":[{"embeddable":true,"href":"https:\/\/archive.sana.sy\/tr\/index.php?rest_route=\/wp\/v2\/users\/1"}],"replies":[{"embeddable":true,"href":"https:\/\/archive.sana.sy\/tr\/index.php?rest_route=%2Fwp%2Fv2%2Fcomments&post=25249"}],"version-history":[{"count":0,"href":"https:\/\/archive.sana.sy\/tr\/index.php?rest_route=\/wp\/v2\/posts\/25249\/revisions"}],"wp:featuredmedia":[{"embeddable":true,"href":"https:\/\/archive.sana.sy\/tr\/index.php?rest_route=\/wp\/v2\/media\/25253"}],"wp:attachment":[{"href":"https:\/\/archive.sana.sy\/tr\/index.php?rest_route=%2Fwp%2Fv2%2Fmedia&parent=25249"}],"wp:term":[{"taxonomy":"category","embeddable":true,"href":"https:\/\/archive.sana.sy\/tr\/index.php?rest_route=%2Fwp%2Fv2%2Fcategories&post=25249"},{"taxonomy":"post_tag","embeddable":true,"href":"https:\/\/archive.sana.sy\/tr\/index.php?rest_route=%2Fwp%2Fv2%2Ftags&post=25249"}],"curies":[{"name":"wp","href":"https:\/\/api.w.org\/{rel}","templated":true}]}}