{"id":252544,"date":"2022-03-31T21:51:15","date_gmt":"2022-03-31T18:51:15","guid":{"rendered":"http:\/\/107.6.182.27\/tr\/?p=252544"},"modified":"2022-04-01T13:06:25","modified_gmt":"2022-04-01T10:06:25","slug":"suriye-cin-ortak-komitesi-ticaret-yatirim-enerji-ve-yeniden-yapilanma-alanlarinda-isbirliginin-guclendirilmesini-tartisiyor","status":"publish","type":"post","link":"https:\/\/archive.sana.sy\/tr\/?p=252544","title":{"rendered":"Suriye-\u00c7in Ortak Komitesi, Ticaret, Yat\u0131r\u0131m, Enerji ve Yeniden Yap\u0131lanma Alanlar\u0131nda \u0130\u015fbirli\u011finin G\u00fc\u00e7lendirilmesini Tart\u0131\u015f\u0131yor"},"content":{"rendered":"<p style=\"text-align: justify;\">\u015eAM \u2013 Suriye-\u00c7in Ortak Ekonomik, Ticari ve Teknik \u0130\u015fbirli\u011fi Komitesi, bug\u00fcn fiilen ger\u00e7ekle\u015ftirilen be\u015finci oturumunda, iki \u00fclke aras\u0131nda ticaret, yat\u0131r\u0131m, finans, enerji yeniden yap\u0131lanma, kalk\u0131nma yard\u0131m\u0131 ve sa\u011fl\u0131k ba\u015fta olmak \u00fczere \u00e7e\u015fitli alanlarda i\u015fbirli\u011fini geli\u015ftirmenin yollar\u0131n\u0131 tart\u0131\u015ft\u0131.<\/p>\n<p><a href=\"http:\/\/107.6.182.27\/tr\/wp-content\/uploads\/2022\/03\/7-16.jpg\"><img loading=\"lazy\" decoding=\"async\" class=\"size-medium wp-image-252546 alignright\" src=\"http:\/\/107.6.182.27\/tr\/wp-content\/uploads\/2022\/03\/7-16-300x180.jpg\" alt=\"\" width=\"300\" height=\"180\" srcset=\"https:\/\/archive.sana.sy\/tr\/wp-content\/uploads\/2022\/03\/7-16-300x180.jpg 300w, https:\/\/archive.sana.sy\/tr\/wp-content\/uploads\/2022\/03\/7-16-150x90.jpg 150w, https:\/\/archive.sana.sy\/tr\/wp-content\/uploads\/2022\/03\/7-16.jpg 660w\" sizes=\"auto, (max-width: 300px) 100vw, 300px\" \/><\/a><\/p>\n<p style=\"text-align: justify;\">Suriye taraf\u0131nda komiteye ba\u015fkanl\u0131k eden Ekonomi ve D\u0131\u015f Ticaret Bakan\u0131 Muhammed Samer el Halil, uluslararas\u0131 i\u015fbirli\u011finin toplumlar\u0131n kalk\u0131nmas\u0131n\u0131 ve halklar i\u00e7in iyilik ve refah\u0131 sa\u011flama olas\u0131l\u0131\u011f\u0131n\u0131 engelleyen t\u00fcm sorun ve zorluklar\u0131n \u00fcstesinden gelmenin yolu oldu\u011funu belirtti.<\/p>\n<p style=\"text-align: justify;\">Bakan Halil, Suriye ve \u00c7in aras\u0131ndaki ortak i\u015fbirli\u011fini geni\u015fletmenin, \u00f6zellikle Cumhurba\u015fkan\u0131 Be\u015f\u015far el Esad&#8217;\u0131n do\u011fuya y\u00f6nelme yakla\u015f\u0131m\u0131n\u0131n ve \u00c7in Cumhurba\u015fkan\u0131 Xi Jinping taraf\u0131ndan a\u00e7\u0131klanan Ku\u015fak ve Yol Giri\u015fimi&#8217;nin yakla\u015f\u0131m\u0131n\u0131n bir \u00e7evirisi olarak geldi\u011finden, her iki \u00fclkenin liderli\u011fi i\u00e7in bir hedef oldu\u011funa dikkat \u00e7ekti.<\/p>\n<p style=\"text-align: justify;\">Ekonomi ve D\u0131\u015f Ticaret Bakan\u0131 ayr\u0131ca \u00c7in&#8217;den \u015firketleri ve yat\u0131r\u0131mc\u0131lar\u0131 Suriye&#8217;de \u00e7al\u0131\u015fmaya ve yat\u0131r\u0131m yapmaya ve \u00f6zellikle \u00c7in taraf\u0131 mevcut f\u0131rsatlara yat\u0131r\u0131m yapmak i\u00e7in gerekli deneyim ve yeterlili\u011fe sahip oldu\u011fu i\u00e7in 2021 tarihli 18 Say\u0131l\u0131 Yat\u0131r\u0131m Yasas\u0131ndan yararlanmaya davet etti.<\/p>\n<p><a href=\"http:\/\/107.6.182.27\/tr\/wp-content\/uploads\/2022\/03\/8-13.jpg\"><img loading=\"lazy\" decoding=\"async\" class=\"size-medium wp-image-252547 alignright\" src=\"http:\/\/107.6.182.27\/tr\/wp-content\/uploads\/2022\/03\/8-13-300x174.jpg\" alt=\"\" width=\"300\" height=\"174\" srcset=\"https:\/\/archive.sana.sy\/tr\/wp-content\/uploads\/2022\/03\/8-13-300x174.jpg 300w, https:\/\/archive.sana.sy\/tr\/wp-content\/uploads\/2022\/03\/8-13-150x87.jpg 150w, https:\/\/archive.sana.sy\/tr\/wp-content\/uploads\/2022\/03\/8-13.jpg 660w\" sizes=\"auto, (max-width: 300px) 100vw, 300px\" \/><\/a><\/p>\n<p style=\"text-align: justify;\">\u00c7in taraf\u0131nda oturuma ba\u015fkanl\u0131k eden \u00c7in Ticaret Bakan Yard\u0131mc\u0131s\u0131 Kian Keming, \u00fclkesinin \u00f6zellikle kalk\u0131nma, yat\u0131r\u0131m, enerji, ula\u015f\u0131m, insan sermayesinin yan\u0131s\u0131ra ticareti geli\u015ftirmek ve Suriye&#8217;nin \u00c7in&#8217;e ihracat\u0131n\u0131 geni\u015fletme \u00e7al\u0131\u015fmalar\u0131 alanlar\u0131nda ikili i\u015fbirli\u011fi yoluyla Suriye ekonomisinin yeniden in\u015fas\u0131 ve toparlanmas\u0131na verdi\u011fi deste\u011fi teyit etti. Keming, Suriye&#8217;nin D\u00fcnya Ticaret \u00d6rg\u00fct\u00fc&#8217;ne kat\u0131l\u0131m\u0131 i\u00e7in \u00fclkesinin deste\u011fine i\u015faret etti.<\/p>\n<p style=\"text-align: justify;\">Planlama ve Uluslararas\u0131 \u0130\u015fbirli\u011fi Kurumu Ba\u015fkan\u0131 Fadi Salti Al-Khalil ise iki \u00fclkeyi birbirine ba\u011flayan, tarih boyunca g\u00fcc\u00fcn\u00fc ve k\u00f6kl\u00fcl\u00fc\u011f\u00fcn\u00fc kan\u0131tlam\u0131\u015f tarihi ili\u015fkilere \u00f6vg\u00fcde bulunarak, Suriye-\u00c7in ortak komitesinin her alanda ikili \u00e7al\u0131\u015fmalar\u0131 harekete ge\u00e7irmek ve g\u00fc\u00e7lendirmek i\u00e7in \u00f6nemli bir ara\u00e7 oldu\u011funa dikkat \u00e7ekti.<\/p>\n<p style=\"text-align: justify;\">\u00c7in Halk Cumhuriyeti&#8217;nin \u015eam B\u00fcy\u00fckel\u00e7isi Feng Biao ise, iki \u00fclke aras\u0131nda Ku\u015fak ve Yol Giri\u015fimi \u00e7er\u00e7evesinde mutabakat zapt\u0131 imzalanmas\u0131n\u0131n, daha sonraki pratik i\u015fbirli\u011fi ad\u0131mlar\u0131 i\u00e7in sa\u011flam bir temel olu\u015fturdu\u011funu s\u00f6yledi. \u00d6te yandan Suriye&#8217;nin Pekin B\u00fcy\u00fckel\u00e7ili\u011fi Maslahatg\u00fczar\u0131 Burhan el Hatib, ortak komitenin \u00e7al\u0131\u015fmalar\u0131na yeniden ba\u015flamas\u0131n\u0131n iki \u00fclke aras\u0131ndaki ili\u015fkinin derinli\u011finin ve k\u00f6kl\u00fcl\u00fc\u011f\u00fcn\u00fcn bir teyidi oldu\u011funa dikkat \u00e7ekti.<\/p>\n<p style=\"text-align: justify;\">P.M.<\/p>\n","protected":false},"excerpt":{"rendered":"<p>\u015eAM \u2013 Suriye-\u00c7in Ortak Ekonomik, Ticari ve Teknik \u0130\u015fbirli\u011fi Komitesi, bug\u00fcn fiilen ger\u00e7ekle\u015ftirilen be\u015finci oturumunda, iki \u00fclke aras\u0131nda ticaret, yat\u0131r\u0131m, finans, enerji yeniden yap\u0131lanma, kalk\u0131nma yard\u0131m\u0131 ve sa\u011fl\u0131k ba\u015fta olmak \u00fczere \u00e7e\u015fitli alanlarda i\u015fbirli\u011fini geli\u015ftirmenin yollar\u0131n\u0131 tart\u0131\u015ft\u0131. Suriye taraf\u0131nda komiteye ba\u015fkanl\u0131k eden Ekonomi ve D\u0131\u015f Ticaret Bakan\u0131 Muhammed Samer el Halil, uluslararas\u0131 i\u015fbirli\u011finin toplumlar\u0131n kalk\u0131nmas\u0131n\u0131 &hellip;<\/p>\n","protected":false},"author":1,"featured_media":252545,"comment_status":"closed","ping_status":"closed","sticky":false,"template":"","format":"standard","meta":{"footnotes":""},"categories":[485,486,479,17988,478],"tags":[],"class_list":["post-252544","post","type-post","status-publish","format-standard","has-post-thumbnail","","category-is-ve-sermaye","category-haberler-is-ve-sermaye","category-haberler-yerel","category-son-haberler","category-yerel"],"_links":{"self":[{"href":"https:\/\/archive.sana.sy\/tr\/index.php?rest_route=\/wp\/v2\/posts\/252544","targetHints":{"allow":["GET"]}}],"collection":[{"href":"https:\/\/archive.sana.sy\/tr\/index.php?rest_route=\/wp\/v2\/posts"}],"about":[{"href":"https:\/\/archive.sana.sy\/tr\/index.php?rest_route=\/wp\/v2\/types\/post"}],"author":[{"embeddable":true,"href":"https:\/\/archive.sana.sy\/tr\/index.php?rest_route=\/wp\/v2\/users\/1"}],"replies":[{"embeddable":true,"href":"https:\/\/archive.sana.sy\/tr\/index.php?rest_route=%2Fwp%2Fv2%2Fcomments&post=252544"}],"version-history":[{"count":0,"href":"https:\/\/archive.sana.sy\/tr\/index.php?rest_route=\/wp\/v2\/posts\/252544\/revisions"}],"wp:featuredmedia":[{"embeddable":true,"href":"https:\/\/archive.sana.sy\/tr\/index.php?rest_route=\/wp\/v2\/media\/252545"}],"wp:attachment":[{"href":"https:\/\/archive.sana.sy\/tr\/index.php?rest_route=%2Fwp%2Fv2%2Fmedia&parent=252544"}],"wp:term":[{"taxonomy":"category","embeddable":true,"href":"https:\/\/archive.sana.sy\/tr\/index.php?rest_route=%2Fwp%2Fv2%2Fcategories&post=252544"},{"taxonomy":"post_tag","embeddable":true,"href":"https:\/\/archive.sana.sy\/tr\/index.php?rest_route=%2Fwp%2Fv2%2Ftags&post=252544"}],"curies":[{"name":"wp","href":"https:\/\/api.w.org\/{rel}","templated":true}]}}