{"id":252570,"date":"2022-04-01T12:36:33","date_gmt":"2022-04-01T09:36:33","guid":{"rendered":"http:\/\/107.6.182.27\/tr\/?p=252570"},"modified":"2022-04-03T08:35:04","modified_gmt":"2022-04-03T05:35:04","slug":"kubali-gazeteciler-suriye-medyasinin-ulkesini-savunmadaki-rolunu-ovdu","status":"publish","type":"post","link":"https:\/\/archive.sana.sy\/tr\/?p=252570","title":{"rendered":"K\u00fcbal\u0131 Gazeteciler Suriye Medyas\u0131n\u0131n \u00dclkesini Savunmadaki Rol\u00fcn\u00fc \u00d6vd\u00fc"},"content":{"rendered":"<p>HAVANA \u2013 Bir dizi K\u00fcba medya uzman\u0131, Suriye ulusal medyas\u0131n\u0131n \u00fclkesini savunmada oynad\u0131\u011f\u0131 \u00f6nemli rol\u00fc \u00f6vderek, d\u00fc\u015fman medya taraf\u0131ndan Suriye&#8217;ye kar\u015f\u0131 y\u00fcr\u00fct\u00fclen medya kampanyas\u0131na kar\u015f\u0131 Suriye&#8217;ye s\u00fcrekli desteklerini ifade etmek.<\/p>\n<p>Suriye&#8217;nin K\u00fcba B\u00fcy\u00fckel\u00e7isi \u0130dris Miaya g\u00f6revinin sona ermesi m\u00fcnasebetiyle ba\u015fkent Havana&#8217;da K\u00fcba Gazeteciler Federasyonu&#8217;nda d\u00fczenlenen veda t\u00f6reninde K\u00fcba Gazeteciler Federasyonu ba\u015fkan\u0131 Ricardo Rocchio, Suriye ve K\u00fcba&#8217;daki Gazeteciler Federasyonlar\u0131 aras\u0131nda iki \u00fclke taraf\u0131ndan savunulan ortak davalara hizmet etmek i\u00e7in var olan yap\u0131c\u0131 ve s\u00fcrekli i\u015fbirli\u011fine \u00f6vg\u00fcde bulundu.<\/p>\n<p>Rocchio, K\u00fcba medyas\u0131n\u0131n her zaman Suriye&#8217;nin yan\u0131nda yer alaca\u011f\u0131n\u0131 ve d\u00fc\u015fmanca emperyalist politikalar\u0131 ortaya \u00e7\u0131karmak i\u00e7in her t\u00fcrl\u00fc \u00e7abay\u0131 g\u00f6sterece\u011fini vurgulad\u0131, ge\u00e7ti\u011fimiz y\u0131llarda K\u00fcba&#8217;daki Suriye B\u00fcy\u00fckel\u00e7ili\u011fi ile \u00e7e\u015fitli K\u00fcba medyas\u0131n\u0131 bir araya getiren se\u00e7kin ili\u015fkiye \u00f6vg\u00fcde bulundu.<\/p>\n<p>B\u00fcy\u00fckel\u00e7i Maya ise K\u00fcba medyas\u0131na ger\u00e7e\u011fi savunmadaki yap\u0131c\u0131 rolleri ve ger\u00e7ekleri ve ger\u00e7ekleri oldu\u011fu gibi bildirme ve ter\u00f6r \u00f6rg\u00fctlerinin ve destek\u00e7ilerinin su\u00e7lar\u0131n\u0131 if\u015fa etme konusundaki hevesleri i\u00e7in \u015f\u00fckranlar\u0131n\u0131 dile getirdi.<\/p>\n<p>T\u00f6renin sonunda K\u00fcba Gazeteciler Federasyonu Ba\u015fkan\u0131, B\u00fcy\u00fckel\u00e7i Mia&#8217;ya, Federasyon&#8217;un Suriye gazeteci Prensa Latina Ajans\u0131&#8217;n\u0131n \u015eam muhabiri Fadi Maaruf&#8217;a se\u00e7kin rol\u00fc ve medya faaliyetlerinden dolay\u0131 vermeye karar verdi\u011fi Onur \u00d6d\u00fcl\u00fc&#8217;n\u00fc verdi.<\/p>\n<p>T\u00f6rene \u00e7ok say\u0131da K\u00fcbal\u0131 gazeteci, medya personeli ve b\u00fcy\u00fckel\u00e7ilik \u00fcyeleri kat\u0131ld\u0131.<\/p>\n","protected":false},"excerpt":{"rendered":"<p>HAVANA \u2013 Bir dizi K\u00fcba medya uzman\u0131, Suriye ulusal medyas\u0131n\u0131n \u00fclkesini savunmada oynad\u0131\u011f\u0131 \u00f6nemli rol\u00fc \u00f6vderek, d\u00fc\u015fman medya taraf\u0131ndan Suriye&#8217;ye kar\u015f\u0131 y\u00fcr\u00fct\u00fclen medya kampanyas\u0131na kar\u015f\u0131 Suriye&#8217;ye s\u00fcrekli desteklerini ifade etmek. Suriye&#8217;nin K\u00fcba B\u00fcy\u00fckel\u00e7isi \u0130dris Miaya g\u00f6revinin sona ermesi m\u00fcnasebetiyle ba\u015fkent Havana&#8217;da K\u00fcba Gazeteciler Federasyonu&#8217;nda d\u00fczenlenen veda t\u00f6reninde K\u00fcba Gazeteciler Federasyonu ba\u015fkan\u0131 Ricardo Rocchio, Suriye ve &hellip;<\/p>\n","protected":false},"author":36,"featured_media":252571,"comment_status":"closed","ping_status":"closed","sticky":false,"template":"","format":"standard","meta":{"footnotes":""},"categories":[458,459,17988],"tags":[],"class_list":["post-252570","post","type-post","status-publish","format-standard","has-post-thumbnail","","category-dunya1","category-haberler-arap-uluslararasi-politika","category-son-haberler"],"_links":{"self":[{"href":"https:\/\/archive.sana.sy\/tr\/index.php?rest_route=\/wp\/v2\/posts\/252570","targetHints":{"allow":["GET"]}}],"collection":[{"href":"https:\/\/archive.sana.sy\/tr\/index.php?rest_route=\/wp\/v2\/posts"}],"about":[{"href":"https:\/\/archive.sana.sy\/tr\/index.php?rest_route=\/wp\/v2\/types\/post"}],"author":[{"embeddable":true,"href":"https:\/\/archive.sana.sy\/tr\/index.php?rest_route=\/wp\/v2\/users\/36"}],"replies":[{"embeddable":true,"href":"https:\/\/archive.sana.sy\/tr\/index.php?rest_route=%2Fwp%2Fv2%2Fcomments&post=252570"}],"version-history":[{"count":0,"href":"https:\/\/archive.sana.sy\/tr\/index.php?rest_route=\/wp\/v2\/posts\/252570\/revisions"}],"wp:featuredmedia":[{"embeddable":true,"href":"https:\/\/archive.sana.sy\/tr\/index.php?rest_route=\/wp\/v2\/media\/252571"}],"wp:attachment":[{"href":"https:\/\/archive.sana.sy\/tr\/index.php?rest_route=%2Fwp%2Fv2%2Fmedia&parent=252570"}],"wp:term":[{"taxonomy":"category","embeddable":true,"href":"https:\/\/archive.sana.sy\/tr\/index.php?rest_route=%2Fwp%2Fv2%2Fcategories&post=252570"},{"taxonomy":"post_tag","embeddable":true,"href":"https:\/\/archive.sana.sy\/tr\/index.php?rest_route=%2Fwp%2Fv2%2Ftags&post=252570"}],"curies":[{"name":"wp","href":"https:\/\/api.w.org\/{rel}","templated":true}]}}