{"id":252573,"date":"2022-04-01T13:32:35","date_gmt":"2022-04-01T10:32:35","guid":{"rendered":"http:\/\/107.6.182.27\/tr\/?p=252573"},"modified":"2022-04-03T08:35:20","modified_gmt":"2022-04-03T05:35:20","slug":"bogdanov-ve-haddad-bir-dizi-uluslararasi-ve-bolgesel-konuyu-tartisti","status":"publish","type":"post","link":"https:\/\/archive.sana.sy\/tr\/?p=252573","title":{"rendered":"Bogdanov ve Haddad, Bir Dizi Uluslararas\u0131 Ve B\u00f6lgesel Konuyu Tart\u0131\u015ft\u0131"},"content":{"rendered":"<p>MOSKOVA \u2013 Rusya Devlet Ba\u015fkan\u0131\u2019n\u0131n Ortado\u011fu ve Afrika \u00dclkeleri \u00d6zel Temsilcisi D\u0131\u015fi\u015fleri Bakan Yard\u0131mc\u0131s\u0131 Mihail Bogdanov, Suriye\u2019nin Rusya B\u00fcy\u00fckel\u00e7isi Dr. Riyad Haddad ile bir dizi acil uluslararas\u0131 ve b\u00f6lgesel meseleyi tart\u0131\u015farak, Ukrayna ve \u00e7evresindeki durumun geli\u015fimiyle ilgili ortak \u00e7\u0131kar konular\u0131na odakland\u0131.<\/p>\n<p>Rusya D\u0131\u015fi\u015fleri Bakanl\u0131\u011f\u0131&#8217;ndan yap\u0131lan a\u00e7\u0131klamada, &#8220;D\u00fcn yap\u0131lan g\u00f6r\u00fc\u015fmede, Suriye&#8217;deki sosyal ve ekonomik durumun iyile\u015ftirilmesi ile ilgili olanlar da dahil olmak \u00fczere \u00e7ok y\u00f6nl\u00fc Rus-Suriye i\u015fbirli\u011finin in\u015fa edilmesi g\u00f6revleri de\u011ferlendirildi.&#8221;<\/p>\n<p><em>\u00a0<\/em><\/p>\n<p>&nbsp;<\/p>\n","protected":false},"excerpt":{"rendered":"<p>MOSKOVA \u2013 Rusya Devlet Ba\u015fkan\u0131\u2019n\u0131n Ortado\u011fu ve Afrika \u00dclkeleri \u00d6zel Temsilcisi D\u0131\u015fi\u015fleri Bakan Yard\u0131mc\u0131s\u0131 Mihail Bogdanov, Suriye\u2019nin Rusya B\u00fcy\u00fckel\u00e7isi Dr. Riyad Haddad ile bir dizi acil uluslararas\u0131 ve b\u00f6lgesel meseleyi tart\u0131\u015farak, Ukrayna ve \u00e7evresindeki durumun geli\u015fimiyle ilgili ortak \u00e7\u0131kar konular\u0131na odakland\u0131. Rusya D\u0131\u015fi\u015fleri Bakanl\u0131\u011f\u0131&#8217;ndan yap\u0131lan a\u00e7\u0131klamada, &#8220;D\u00fcn yap\u0131lan g\u00f6r\u00fc\u015fmede, Suriye&#8217;deki sosyal ve ekonomik durumun iyile\u015ftirilmesi &hellip;<\/p>\n","protected":false},"author":36,"featured_media":252574,"comment_status":"closed","ping_status":"closed","sticky":false,"template":"","format":"standard","meta":{"footnotes":""},"categories":[458,459,17988],"tags":[],"class_list":["post-252573","post","type-post","status-publish","format-standard","has-post-thumbnail","","category-dunya1","category-haberler-arap-uluslararasi-politika","category-son-haberler"],"_links":{"self":[{"href":"https:\/\/archive.sana.sy\/tr\/index.php?rest_route=\/wp\/v2\/posts\/252573","targetHints":{"allow":["GET"]}}],"collection":[{"href":"https:\/\/archive.sana.sy\/tr\/index.php?rest_route=\/wp\/v2\/posts"}],"about":[{"href":"https:\/\/archive.sana.sy\/tr\/index.php?rest_route=\/wp\/v2\/types\/post"}],"author":[{"embeddable":true,"href":"https:\/\/archive.sana.sy\/tr\/index.php?rest_route=\/wp\/v2\/users\/36"}],"replies":[{"embeddable":true,"href":"https:\/\/archive.sana.sy\/tr\/index.php?rest_route=%2Fwp%2Fv2%2Fcomments&post=252573"}],"version-history":[{"count":0,"href":"https:\/\/archive.sana.sy\/tr\/index.php?rest_route=\/wp\/v2\/posts\/252573\/revisions"}],"wp:featuredmedia":[{"embeddable":true,"href":"https:\/\/archive.sana.sy\/tr\/index.php?rest_route=\/wp\/v2\/media\/252574"}],"wp:attachment":[{"href":"https:\/\/archive.sana.sy\/tr\/index.php?rest_route=%2Fwp%2Fv2%2Fmedia&parent=252573"}],"wp:term":[{"taxonomy":"category","embeddable":true,"href":"https:\/\/archive.sana.sy\/tr\/index.php?rest_route=%2Fwp%2Fv2%2Fcategories&post=252573"},{"taxonomy":"post_tag","embeddable":true,"href":"https:\/\/archive.sana.sy\/tr\/index.php?rest_route=%2Fwp%2Fv2%2Ftags&post=252573"}],"curies":[{"name":"wp","href":"https:\/\/api.w.org\/{rel}","templated":true}]}}