{"id":25264,"date":"2015-03-01T15:01:43","date_gmt":"2015-03-01T13:01:43","guid":{"rendered":"http:\/\/www.sana.sy\/tr\/?p=25264"},"modified":"2015-03-01T15:01:43","modified_gmt":"2015-03-01T13:01:43","slug":"turk-ordusu-masum-sivilleri-vahsice-olduren-katil-teroristleri-egitiyor","status":"publish","type":"post","link":"https:\/\/archive.sana.sy\/tr\/?p=25264","title":{"rendered":"T\u00fcrk Ordusu Masum Sivilleri Vah\u015fice \u00d6ld\u00fcren Katil Ter\u00f6ristleri E\u011fitiyor"},"content":{"rendered":"<p>ANKARA \u2013 T\u00fcrkiye&#8217;de muhtelif medya kaynaklar\u0131 bug\u00fcn; Washington ve T\u00fcrkiye&#8217;deki ihvanc\u0131 rejimin ter\u00f6re desteklerini \u00f6rtbas etme amac\u0131yla \u2018\u0131l\u0131ml\u0131 muhalifler\u2019 olarak adland\u0131rd\u0131klar\u0131 katil ter\u00f6r \u00e7etelerinin K\u0131r\u015fehir\u2019de ba\u015flad\u0131\u011f\u0131n\u0131 aktard\u0131.<\/p>\n<p>Haberlerde Suriye&#8217;de devlet, altyap\u0131 ve hizmet kurumlar\u0131n\u0131n yan\u0131 s\u0131ra masum sivil halk\u0131 gaddarca hedef alan ter\u00f6r \u00e7etelerinden ABD ve Erdo\u011fan rejiminin ortak karar\u0131yla se\u00e7ilen 1000 ter\u00f6ristin K\u0131r\u015fehir\u2019de TSK askeri \u00fcslerinde T\u00fcrkiyeli ve ABD\u2019li yakla\u015f\u0131k 100 subay taraf\u0131ndan e\u011fitime ba\u015flad\u0131klar\u0131 kaydedildi.<\/p>\n<p>ABD ve T\u00fcrkiye&#8217;deki kuklas\u0131 ihvanc\u0131 Erdo\u011fan rejimi Suriye halk\u0131na y\u00f6nelik barbar sava\u015f\u0131n devam etmesi ve daha fazla masum kanlar\u0131n ak\u0131t\u0131lmas\u0131 amac\u0131yla az\u0131l\u0131 katillerden ibaret ter\u00f6r \u00e7etelere her t\u00fcrl\u00fc deste\u011fi temin ederken, d\u00fcnyan\u0131n her yerinden gelen tekfirci ve katillere Suriye s\u0131n\u0131rlar\u0131n\u0131 ard\u0131na kadar a\u00e7m\u0131\u015f durumdad\u0131r.<\/p>\n<p>T\u00fcrkiye&#8217;de zorba y\u00f6netimiyle TSK\u2019yi de kirli sava\u015f\u0131na bula\u015ft\u0131ran Erdo\u011fan rejimi; Suriye ordusunun ter\u00f6r \u00e7etelerini say\u0131 ve te\u00e7hizatlar\u0131yla b\u00fcy\u00fck kay\u0131plara u\u011fratmas\u0131 ard\u0131ndan bu kay\u0131plar\u0131 telafi etme amac\u0131yla TSK \u00fcslerini az\u0131l\u0131 katil ve hain \u00e7etelere a\u00e7t\u0131.<\/p>\n<p>\u0130hvanc\u0131 rejim ve ABD Suriye&#8217;de ter\u00f6ristleri muhtelif adland\u0131rmalarla \u2018iyi ve k\u00f6t\u00fc ter\u00f6ristler\u2019 olarak ay\u0131rmaya \u00e7al\u0131\u015fsa da bu \u00e7etelerin Suriye&#8217;de masum sivil halk, okullar, hastaneler, camiler, kiliseler ve her \u015feyi insanl\u0131\u011f\u0131n daha \u00f6nce benzerine tan\u0131k olmad\u0131\u011f\u0131 bir vah\u015fetle hedef almalar\u0131 ter\u00f6r efendilerinin iddialar\u0131n\u0131 a\u00e7\u0131k ve net bir \u015fekilde \u00e7\u00fcr\u00fctmektedir.<\/p>\n<p>Bunun yan\u0131nda \u2018\u0131l\u0131ml\u0131 muhalifler, \u00d6SO, Suriyeli devrimciler\u2019 ve daha muhtelif \u015fekillerde adland\u0131r\u0131lan bu \u00e7etelerin sadece eylem ve vah\u015fetlerinde de\u011fil, ideoloji ve ama\u00e7lar\u0131nda da birbirilerinden farkl\u0131 olmad\u0131klar\u0131na b\u00fcy\u00fck bir kan\u0131t olarak bu adland\u0131rmalar alt\u0131ndaki binlerce ter\u00f6ristin para yada ba\u015fka bir \u015fey kar\u015f\u0131l\u0131\u011f\u0131nda Kaide \u00d6rg\u00fct\u00fcn\u00fcn kollar\u0131 olan I\u015e\u0130D yada Nusra Cephesi aras\u0131nda s\u00fcrekli saf de\u011fi\u015ftirdikleri de her kes taraf\u0131ndan bilinmektedir.<\/p>\n<p>\u0130hvanc\u0131 ideolojisiyle bilinen AKP rejiminin Suriye halk\u0131na kar\u015f\u0131 d\u00fc\u015fmanl\u0131\u011f\u0131 ve Suriyeli kanlar\u0131n ak\u0131t\u0131lmas\u0131n\u0131n temel sorumlusu olmas\u0131 herkes taraf\u0131ndan bilinmesiyle TSK\u2019nin masum halk\u0131 hedef alan bu kirli sava\u015fta edat olarak kullan\u0131lmas\u0131 sadece Suriye halk\u0131n\u0131 de\u011fil, T\u00fcrkiye halk\u0131n\u0131 da \u015foke etmi\u015f durumdad\u0131r.<\/p>\n<p>\u00d6yle ki Bat\u0131l\u0131 medya raporlar\u0131 ve devlet yetkililerine ilaveten T\u00fcrkiye&#8217;de bir\u00e7ok medya arac\u0131 ve \u00e7ok say\u0131da politikac\u0131n\u0131n Suriye&#8217;deki t\u00fcm ter\u00f6r \u00e7eteleri aras\u0131nda bir fark\u0131n bulunmad\u0131\u011f\u0131na, muhtelif adland\u0131rmalar\u0131na ra\u011fmen vah\u015fet ve ama\u00e7lar\u0131nda bir olduklar\u0131na y\u00fczlerce kez dikkat \u00e7ekti. Ayn\u0131 zamanda bu ter\u00f6ristlerin \u00e7\u0131karlar\u0131na g\u00f6re s\u00fcrekli olarak saf de\u011fi\u015ftirdi\u011fi de belirtildi.<\/p>\n","protected":false},"excerpt":{"rendered":"<p>ANKARA \u2013 T\u00fcrkiye&#8217;de muhtelif medya kaynaklar\u0131 bug\u00fcn; Washington ve T\u00fcrkiye&#8217;deki ihvanc\u0131 rejimin ter\u00f6re desteklerini \u00f6rtbas etme amac\u0131yla \u2018\u0131l\u0131ml\u0131 muhalifler\u2019 olarak adland\u0131rd\u0131klar\u0131 katil ter\u00f6r \u00e7etelerinin K\u0131r\u015fehir\u2019de ba\u015flad\u0131\u011f\u0131n\u0131 aktard\u0131. Haberlerde Suriye&#8217;de devlet, altyap\u0131 ve hizmet kurumlar\u0131n\u0131n yan\u0131 s\u0131ra masum sivil halk\u0131 gaddarca hedef alan ter\u00f6r \u00e7etelerinden ABD ve Erdo\u011fan rejiminin ortak karar\u0131yla se\u00e7ilen 1000 ter\u00f6ristin K\u0131r\u015fehir\u2019de TSK &hellip;<\/p>\n","protected":false},"author":1,"featured_media":25265,"comment_status":"closed","ping_status":"closed","sticky":false,"template":"","format":"standard","meta":{"footnotes":""},"categories":[458,459,447,2554,2555],"tags":[12008],"class_list":["post-25264","post","type-post","status-publish","format-standard","has-post-thumbnail","","category-dunya1","category-haberler-arap-uluslararasi-politika","category-politika","category-suriye-ve-dunya","category-suriye-ve-turkiye","tag-turk-ordusu-masum-sivilleri-vahsice-olduren-katil-teroristleri-egitiyor-ankara-turkiyede-muhtelif-medya-kaynaklari-bugun-washington-ve-turkiyedeki-ihvanci-rejimin-terore-desteklerini-ortb"],"_links":{"self":[{"href":"https:\/\/archive.sana.sy\/tr\/index.php?rest_route=\/wp\/v2\/posts\/25264","targetHints":{"allow":["GET"]}}],"collection":[{"href":"https:\/\/archive.sana.sy\/tr\/index.php?rest_route=\/wp\/v2\/posts"}],"about":[{"href":"https:\/\/archive.sana.sy\/tr\/index.php?rest_route=\/wp\/v2\/types\/post"}],"author":[{"embeddable":true,"href":"https:\/\/archive.sana.sy\/tr\/index.php?rest_route=\/wp\/v2\/users\/1"}],"replies":[{"embeddable":true,"href":"https:\/\/archive.sana.sy\/tr\/index.php?rest_route=%2Fwp%2Fv2%2Fcomments&post=25264"}],"version-history":[{"count":0,"href":"https:\/\/archive.sana.sy\/tr\/index.php?rest_route=\/wp\/v2\/posts\/25264\/revisions"}],"wp:featuredmedia":[{"embeddable":true,"href":"https:\/\/archive.sana.sy\/tr\/index.php?rest_route=\/wp\/v2\/media\/25265"}],"wp:attachment":[{"href":"https:\/\/archive.sana.sy\/tr\/index.php?rest_route=%2Fwp%2Fv2%2Fmedia&parent=25264"}],"wp:term":[{"taxonomy":"category","embeddable":true,"href":"https:\/\/archive.sana.sy\/tr\/index.php?rest_route=%2Fwp%2Fv2%2Fcategories&post=25264"},{"taxonomy":"post_tag","embeddable":true,"href":"https:\/\/archive.sana.sy\/tr\/index.php?rest_route=%2Fwp%2Fv2%2Ftags&post=25264"}],"curies":[{"name":"wp","href":"https:\/\/api.w.org\/{rel}","templated":true}]}}