{"id":25271,"date":"2015-03-01T15:48:06","date_gmt":"2015-03-01T13:48:06","guid":{"rendered":"http:\/\/www.sana.sy\/tr\/?p=25271"},"modified":"2015-03-01T15:48:06","modified_gmt":"2015-03-01T13:48:06","slug":"lubnan-ordusu-saldirgan-teroristlere-karsi-koydu","status":"publish","type":"post","link":"https:\/\/archive.sana.sy\/tr\/?p=25271","title":{"rendered":"L\u00fcbnan Ordusu Sald\u0131rgan Ter\u00f6ristlere Kar\u015f\u0131 Koydu"},"content":{"rendered":"<p>BEYRUT \u2013 L\u00fcbnan ordusu bug\u00fcn Suriye s\u0131n\u0131rlar\u0131na yak\u0131n Ersal da\u011flar\u0131nda Sadettin Hariri liderli\u011findeki M\u00fcstakbel Ak\u0131m\u0131n\u0131n yan\u0131 s\u0131ra kimi b\u00f6lgesel rejimlerin destekledi\u011fi ter\u00f6ristlere y\u00f6nelik operasyonlar\u0131n\u0131 s\u00fcrd\u00fcrd\u00fc.<\/p>\n<p>L\u00fcbnan Ulusal Enformasyon Ajans\u0131 L\u00fcbnan ordu birliklerinin bug\u00fcn Ersal Beldesi civar\u0131ndaki da\u011fl\u0131k alanlardan Bika B\u00f6lgesindeki Hmeyd Vadisindeki askeri noktalara sald\u0131rmaya \u00e7al\u0131\u015fan ter\u00f6ristlere kar\u015f\u0131 koyduklar\u0131n\u0131 aktard\u0131. Haberde muhtelif t\u00fcr silahlar\u0131n kullan\u0131ld\u0131\u011f\u0131 \u015fiddetli \u00e7at\u0131\u015fmalarda bir\u00e7ok ter\u00f6ristin \u00f6l\u00fc yaral\u0131 d\u00fc\u015f\u00fcr\u00fcld\u00fc\u011f\u00fc bildirildi.<\/p>\n<p>Ter\u00f6r \u00e7eteleri daha \u00f6nce Ras Bealbek B\u00f6lgesinde L\u00fcbnan ordusunun bir mevkiini roketlerle hedef alm\u0131\u015f, sald\u0131r\u0131larda be\u015feri kayb\u0131n olmad\u0131\u011f\u0131 ifade edilmi\u015fti.<\/p>\n<p>A.A.<\/p>\n","protected":false},"excerpt":{"rendered":"<p>BEYRUT \u2013 L\u00fcbnan ordusu bug\u00fcn Suriye s\u0131n\u0131rlar\u0131na yak\u0131n Ersal da\u011flar\u0131nda Sadettin Hariri liderli\u011findeki M\u00fcstakbel Ak\u0131m\u0131n\u0131n yan\u0131 s\u0131ra kimi b\u00f6lgesel rejimlerin destekledi\u011fi ter\u00f6ristlere y\u00f6nelik operasyonlar\u0131n\u0131 s\u00fcrd\u00fcrd\u00fc. L\u00fcbnan Ulusal Enformasyon Ajans\u0131 L\u00fcbnan ordu birliklerinin bug\u00fcn Ersal Beldesi civar\u0131ndaki da\u011fl\u0131k alanlardan Bika B\u00f6lgesindeki Hmeyd Vadisindeki askeri noktalara sald\u0131rmaya \u00e7al\u0131\u015fan ter\u00f6ristlere kar\u015f\u0131 koyduklar\u0131n\u0131 aktard\u0131. Haberde muhtelif t\u00fcr silahlar\u0131n kullan\u0131ld\u0131\u011f\u0131 &hellip;<\/p>\n","protected":false},"author":1,"featured_media":25272,"comment_status":"closed","ping_status":"closed","sticky":false,"template":"","format":"standard","meta":{"footnotes":""},"categories":[458,459,447],"tags":[12011],"class_list":["post-25271","post","type-post","status-publish","format-standard","has-post-thumbnail","","category-dunya1","category-haberler-arap-uluslararasi-politika","category-politika","tag-lubnan-ordusu-saldirgan-teroristlere-karsi-koydu-beyrut-lubnan-ordusu-bugun-suriye-sinirlarina-yakin-ersal-daglarinda-sadettin-hariri-liderligindeki-mustakbel-akiminin-yani-sira-kimi-bolgese"],"_links":{"self":[{"href":"https:\/\/archive.sana.sy\/tr\/index.php?rest_route=\/wp\/v2\/posts\/25271","targetHints":{"allow":["GET"]}}],"collection":[{"href":"https:\/\/archive.sana.sy\/tr\/index.php?rest_route=\/wp\/v2\/posts"}],"about":[{"href":"https:\/\/archive.sana.sy\/tr\/index.php?rest_route=\/wp\/v2\/types\/post"}],"author":[{"embeddable":true,"href":"https:\/\/archive.sana.sy\/tr\/index.php?rest_route=\/wp\/v2\/users\/1"}],"replies":[{"embeddable":true,"href":"https:\/\/archive.sana.sy\/tr\/index.php?rest_route=%2Fwp%2Fv2%2Fcomments&post=25271"}],"version-history":[{"count":0,"href":"https:\/\/archive.sana.sy\/tr\/index.php?rest_route=\/wp\/v2\/posts\/25271\/revisions"}],"wp:featuredmedia":[{"embeddable":true,"href":"https:\/\/archive.sana.sy\/tr\/index.php?rest_route=\/wp\/v2\/media\/25272"}],"wp:attachment":[{"href":"https:\/\/archive.sana.sy\/tr\/index.php?rest_route=%2Fwp%2Fv2%2Fmedia&parent=25271"}],"wp:term":[{"taxonomy":"category","embeddable":true,"href":"https:\/\/archive.sana.sy\/tr\/index.php?rest_route=%2Fwp%2Fv2%2Fcategories&post=25271"},{"taxonomy":"post_tag","embeddable":true,"href":"https:\/\/archive.sana.sy\/tr\/index.php?rest_route=%2Fwp%2Fv2%2Ftags&post=25271"}],"curies":[{"name":"wp","href":"https:\/\/api.w.org\/{rel}","templated":true}]}}