{"id":252715,"date":"2022-04-05T18:46:02","date_gmt":"2022-04-05T15:46:02","guid":{"rendered":"http:\/\/107.6.182.27\/tr\/?p=252715"},"modified":"2022-04-06T08:14:08","modified_gmt":"2022-04-06T05:14:08","slug":"peskov-bucha-olaylari-rusyanin-itibarini-sarsmayi-amaclayan-sahte-bir-provokasyondur","status":"publish","type":"post","link":"https:\/\/archive.sana.sy\/tr\/?p=252715","title":{"rendered":"Peskov: Bucha Olaylar\u0131 Rusya&#8217;n\u0131n \u0130tibar\u0131n\u0131 Sarsmay\u0131 Ama\u00e7layan Sahte Bir Provokasyondur"},"content":{"rendered":"<p style=\"text-align: justify;\">MOSKOVA &#8211; Rusya Cumhurba\u015fkanl\u0131\u011f\u0131 S\u00f6zc\u00fcs\u00fc Dimitri Peskov, Ukrayna&#8217;n\u0131n Bucha kentindeki olaylar\u0131 Rusya&#8217;n\u0131n itibar\u0131n\u0131 sarsmay\u0131 ama\u00e7layan bir provokasyon olarak de\u011ferlendirdi ve Kremlin&#8217;in ABD Ba\u015fkan\u0131 Joe Biden ve Pentagon&#8217;un bu olaylarla ilgili \u00e7eli\u015fkili a\u00e7\u0131klamalar\u0131n\u0131 kaydetti\u011fine i\u015faret etti.<\/p>\n<p style=\"text-align: justify;\">Peskov bug\u00fcn yapt\u0131\u011f\u0131 bas\u0131n a\u00e7\u0131klamas\u0131nda, &#8220;Bucha&#8217;da ya\u015fananlar, amac\u0131 Rusya&#8217;y\u0131 itibars\u0131zla\u015ft\u0131rmak olan b\u00fcy\u00fck ve iyi planlanm\u0131\u015f bir doland\u0131r\u0131c\u0131l\u0131kt\u0131r. Kremlin, Rus ordusuna y\u00f6nelik her t\u00fcrl\u00fc su\u00e7lamay\u0131 reddediyor&#8221; dedi.<\/p>\n<p style=\"text-align: justify;\">Peskov, Kremlin&#8217;in art\u0131k Bucha provokasyonuna y\u00f6nelik uluslararas\u0131 bir soru\u015fturman\u0131n tarafs\u0131z bir \u015fekilde y\u00fcr\u00fct\u00fclebilece\u011finden \u015f\u00fcphe duydu\u011funu belirterek, &#8220;Bat\u0131 liderlerini ve BM G\u00fcvenlik Konseyi&#8217;ni duygulardan uzak durmaya ve ak\u0131llar\u0131yla d\u00fc\u015f\u00fcnmeye \u00e7a\u011f\u0131r\u0131yoruz&#8221; diye ekledi.<\/p>\n","protected":false},"excerpt":{"rendered":"<p>MOSKOVA &#8211; Rusya Cumhurba\u015fkanl\u0131\u011f\u0131 S\u00f6zc\u00fcs\u00fc Dimitri Peskov, Ukrayna&#8217;n\u0131n Bucha kentindeki olaylar\u0131 Rusya&#8217;n\u0131n itibar\u0131n\u0131 sarsmay\u0131 ama\u00e7layan bir provokasyon olarak de\u011ferlendirdi ve Kremlin&#8217;in ABD Ba\u015fkan\u0131 Joe Biden ve Pentagon&#8217;un bu olaylarla ilgili \u00e7eli\u015fkili a\u00e7\u0131klamalar\u0131n\u0131 kaydetti\u011fine i\u015faret etti. Peskov bug\u00fcn yapt\u0131\u011f\u0131 bas\u0131n a\u00e7\u0131klamas\u0131nda, &#8220;Bucha&#8217;da ya\u015fananlar, amac\u0131 Rusya&#8217;y\u0131 itibars\u0131zla\u015ft\u0131rmak olan b\u00fcy\u00fck ve iyi planlanm\u0131\u015f bir doland\u0131r\u0131c\u0131l\u0131kt\u0131r. Kremlin, Rus ordusuna &hellip;<\/p>\n","protected":false},"author":1,"featured_media":252716,"comment_status":"closed","ping_status":"closed","sticky":false,"template":"","format":"standard","meta":{"footnotes":""},"categories":[458,459,17988],"tags":[],"class_list":["post-252715","post","type-post","status-publish","format-standard","has-post-thumbnail","","category-dunya1","category-haberler-arap-uluslararasi-politika","category-son-haberler"],"_links":{"self":[{"href":"https:\/\/archive.sana.sy\/tr\/index.php?rest_route=\/wp\/v2\/posts\/252715","targetHints":{"allow":["GET"]}}],"collection":[{"href":"https:\/\/archive.sana.sy\/tr\/index.php?rest_route=\/wp\/v2\/posts"}],"about":[{"href":"https:\/\/archive.sana.sy\/tr\/index.php?rest_route=\/wp\/v2\/types\/post"}],"author":[{"embeddable":true,"href":"https:\/\/archive.sana.sy\/tr\/index.php?rest_route=\/wp\/v2\/users\/1"}],"replies":[{"embeddable":true,"href":"https:\/\/archive.sana.sy\/tr\/index.php?rest_route=%2Fwp%2Fv2%2Fcomments&post=252715"}],"version-history":[{"count":0,"href":"https:\/\/archive.sana.sy\/tr\/index.php?rest_route=\/wp\/v2\/posts\/252715\/revisions"}],"wp:featuredmedia":[{"embeddable":true,"href":"https:\/\/archive.sana.sy\/tr\/index.php?rest_route=\/wp\/v2\/media\/252716"}],"wp:attachment":[{"href":"https:\/\/archive.sana.sy\/tr\/index.php?rest_route=%2Fwp%2Fv2%2Fmedia&parent=252715"}],"wp:term":[{"taxonomy":"category","embeddable":true,"href":"https:\/\/archive.sana.sy\/tr\/index.php?rest_route=%2Fwp%2Fv2%2Fcategories&post=252715"},{"taxonomy":"post_tag","embeddable":true,"href":"https:\/\/archive.sana.sy\/tr\/index.php?rest_route=%2Fwp%2Fv2%2Ftags&post=252715"}],"curies":[{"name":"wp","href":"https:\/\/api.w.org\/{rel}","templated":true}]}}