{"id":25275,"date":"2015-03-01T16:42:40","date_gmt":"2015-03-01T14:42:40","guid":{"rendered":"http:\/\/www.sana.sy\/tr\/?p=25275"},"modified":"2015-03-01T16:42:40","modified_gmt":"2015-03-01T14:42:40","slug":"turkiye-rejimin-tutumlari-basta-turkiye-halki-olmak-uzere-tum-bolge-halklarina-tehlike-teskil-ediyor","status":"publish","type":"post","link":"https:\/\/archive.sana.sy\/tr\/?p=25275","title":{"rendered":"T\u00fcrkiye Rejimin Tutumlar\u0131 Ba\u015fta T\u00fcrkiye Halk\u0131 Olmak \u00dczere T\u00fcm B\u00f6lge Halklar\u0131na Tehlike Te\u015fkil Ediyor"},"content":{"rendered":"<p>TAHRAN \u2013 \u0130ranl\u0131 \u2018\u0130slami Cumhuriyeti Gazetesi\u2019, b\u00f6lgedeki ter\u00f6r faaliyetlerinin t\u00fcm\u00fcn\u00fcn ard\u0131nda Recep Tayip Erdo\u011fan rejiminin bulundu\u011funa dikkat \u00e7ekti.<\/p>\n<p>Gazete bug\u00fcn \u201cAnkara ve Ter\u00f6ristlerin Kucaklanmas\u0131 Skandal\u0131\u201d ba\u015fl\u0131\u011f\u0131 alt\u0131nda yay\u0131nlad\u0131\u011f\u0131 a\u00e7\u0131l\u0131\u015f makalesinde; T\u00fcrkiye h\u00fck\u00fcmetinin, b\u00f6lgedeki silahl\u0131 ter\u00f6r gruplar\u0131n\u0131n en \u00f6nemli destek\u00e7isi oldu\u011funa vurgu yapt\u0131. ABD eski Ba\u015fkan yard\u0131mc\u0131s\u0131 John Biden ve ABD \u0130stihbarat \u015fefi James Clapper gibi bir\u00e7ok yetkilinin aralar\u0131nda bulundu\u011fu Amerikal\u0131 ve ba\u015fka \u00fclkelerden say\u0131s\u0131z resmi \u015fahsiyetlerin a\u00e7\u0131klamalar\u0131na \u0131\u015f\u0131k tutan Gazete; s\u00f6z konusu bu \u015fahsiyetlerin, T\u00fcrkiye h\u00fck\u00fcmetinin b\u00f6lgedeki silahl\u0131 ter\u00f6r gruplar\u0131na deste\u011fi ve oynad\u0131\u011f\u0131 role ele\u015ftirilerine \u0131\u015f\u0131k tuttu.<\/p>\n<p>T\u00fcrkiye rejiminin ve ilkesiz politikalar\u0131n\u0131n T\u00fcrkiye\u2019nin d\u0131\u015f politikas\u0131n\u0131n M\u0131s\u0131r ve Irak ba\u015fta olmak \u00fczere b\u00fct\u00fcn b\u00f6lgede ba\u015far\u0131s\u0131z olmas\u0131na yol a\u00e7t\u0131\u011f\u0131na dikkat \u00e7eken gazete; T\u00fcrkiyeli yetkililerin b\u00f6lgesel politikalar\u0131n\u0131 de\u011fi\u015ftirip izledikleri politikalar\u0131 d\u00fczeltmek yerine b\u00f6lgede meydana gelen g\u00fcvensiz ve istikrars\u0131z ortamdan faydalanarak I\u015e\u0130D ter\u00f6r \u00f6rg\u00fct\u00fc gibi ter\u00f6r \u00f6rg\u00fctlerini desteklemeyi tercih ettiklerine vurgu yapt\u0131.<\/p>\n<p>T\u00fcrkiye\u2019nin ter\u00f6r\u00fc desteklemesinin ard\u0131nda iktidardaki rejimin Osmanl\u0131 \u0130mparatorlu\u011funu yeniden canland\u0131rma ve \u0130slam d\u00fcnyas\u0131 \u00fczerinde hakimiyet kurma hayallerinin bulundu\u011funa de\u011finilen gazete; bu rejimin politikalar\u0131n\u0131n ba\u015fta T\u00fcrkiye halk\u0131 olmak \u00fczere t\u00fcm b\u00f6lge halklar\u0131na kar\u015f\u0131 ta\u015f\u0131d\u0131\u011f\u0131 tehlikenin alt\u0131n\u0131 \u00e7izdi.<\/p>\n<p>F.B. \u2013 A.A.<\/p>\n","protected":false},"excerpt":{"rendered":"<p>TAHRAN \u2013 \u0130ranl\u0131 \u2018\u0130slami Cumhuriyeti Gazetesi\u2019, b\u00f6lgedeki ter\u00f6r faaliyetlerinin t\u00fcm\u00fcn\u00fcn ard\u0131nda Recep Tayip Erdo\u011fan rejiminin bulundu\u011funa dikkat \u00e7ekti. Gazete bug\u00fcn \u201cAnkara ve Ter\u00f6ristlerin Kucaklanmas\u0131 Skandal\u0131\u201d ba\u015fl\u0131\u011f\u0131 alt\u0131nda yay\u0131nlad\u0131\u011f\u0131 a\u00e7\u0131l\u0131\u015f makalesinde; T\u00fcrkiye h\u00fck\u00fcmetinin, b\u00f6lgedeki silahl\u0131 ter\u00f6r gruplar\u0131n\u0131n en \u00f6nemli destek\u00e7isi oldu\u011funa vurgu yapt\u0131. ABD eski Ba\u015fkan yard\u0131mc\u0131s\u0131 John Biden ve ABD \u0130stihbarat \u015fefi James Clapper gibi &hellip;<\/p>\n","protected":false},"author":1,"featured_media":25276,"comment_status":"closed","ping_status":"closed","sticky":false,"template":"","format":"standard","meta":{"footnotes":""},"categories":[556,458,559,459,447,2554,2555],"tags":[12013,12012],"class_list":["post-25275","post","type-post","status-publish","format-standard","has-post-thumbnail","","category-basin","category-dunya1","category-dunya-basini","category-haberler-arap-uluslararasi-politika","category-politika","category-suriye-ve-dunya","category-suriye-ve-turkiye","tag-bolgedeki-teror-faaliyetlerinin-tumunun-ardinda-recep-tayip-erdogan-rejiminin-bulunduguna-dikkat-cekti","tag-turkiye-rejimin-tutumlari-basta-turkiye-halki-olmak-uzere-tum-bolge-halklarina-tehlike-teskil-ediyor-tahran-iranli-islami-cumhuriyeti-gazetesi"],"_links":{"self":[{"href":"https:\/\/archive.sana.sy\/tr\/index.php?rest_route=\/wp\/v2\/posts\/25275","targetHints":{"allow":["GET"]}}],"collection":[{"href":"https:\/\/archive.sana.sy\/tr\/index.php?rest_route=\/wp\/v2\/posts"}],"about":[{"href":"https:\/\/archive.sana.sy\/tr\/index.php?rest_route=\/wp\/v2\/types\/post"}],"author":[{"embeddable":true,"href":"https:\/\/archive.sana.sy\/tr\/index.php?rest_route=\/wp\/v2\/users\/1"}],"replies":[{"embeddable":true,"href":"https:\/\/archive.sana.sy\/tr\/index.php?rest_route=%2Fwp%2Fv2%2Fcomments&post=25275"}],"version-history":[{"count":0,"href":"https:\/\/archive.sana.sy\/tr\/index.php?rest_route=\/wp\/v2\/posts\/25275\/revisions"}],"wp:featuredmedia":[{"embeddable":true,"href":"https:\/\/archive.sana.sy\/tr\/index.php?rest_route=\/wp\/v2\/media\/25276"}],"wp:attachment":[{"href":"https:\/\/archive.sana.sy\/tr\/index.php?rest_route=%2Fwp%2Fv2%2Fmedia&parent=25275"}],"wp:term":[{"taxonomy":"category","embeddable":true,"href":"https:\/\/archive.sana.sy\/tr\/index.php?rest_route=%2Fwp%2Fv2%2Fcategories&post=25275"},{"taxonomy":"post_tag","embeddable":true,"href":"https:\/\/archive.sana.sy\/tr\/index.php?rest_route=%2Fwp%2Fv2%2Ftags&post=25275"}],"curies":[{"name":"wp","href":"https:\/\/api.w.org\/{rel}","templated":true}]}}