{"id":252814,"date":"2022-04-08T23:22:33","date_gmt":"2022-04-08T20:22:33","guid":{"rendered":"http:\/\/107.6.182.27\/tr\/?p=252814"},"modified":"2022-04-10T08:16:32","modified_gmt":"2022-04-10T05:16:32","slug":"rusya-savunma-bakanligi-ukraynadaki-asiri-milliyetciler-zehirli-kimyasallarin-depolarini-tuzaklayarak-patlatmayi-planliyor","status":"publish","type":"post","link":"https:\/\/archive.sana.sy\/tr\/?p=252814","title":{"rendered":"\u00ad\u00adRusya Savunma Bakanl\u0131\u011f\u0131: Ukrayna\u2019daki A\u015f\u0131r\u0131 Milliyet\u00e7iler Zehirli Kimyasallar\u0131n Depolar\u0131n\u0131 Tuzaklayarak Patlatmay\u0131 Planl\u0131yor"},"content":{"rendered":"<p style=\"text-align: justify;\">MOSKOVA &#8211; Rusya Savunma Bakanl\u0131\u011f\u0131, Ukraynal\u0131 neo-Nazilerin, Ukrayna&#8217;n\u0131n do\u011fusundaki Avdiivka kasabas\u0131nda zehirli kimyasallar i\u00e7eren bubi tuzakl\u0131 depolar kurdu\u011funu ve Donetsk kuvvetlerinin b\u00f6lgeye yakla\u015f\u0131rken bunlar\u0131 patlatmay\u0131 planlad\u0131\u011f\u0131n\u0131 duyurdu.<\/p>\n<p style=\"text-align: justify;\">Rusya Savunma Bakanl\u0131\u011f\u0131 Ba\u015fkan\u0131 Mikhail Mezintsev, &#8220;Avdiivka&#8217;daki a\u015f\u0131r\u0131 milliyet\u00e7i te\u015fkilat sava\u015f\u00e7\u0131lar\u0131, kom\u015fu b\u00f6lgelerin n\u00fcfusunu toplu olarak kimyasallarla zehirlemek i\u00e7in insanl\u0131k d\u0131\u015f\u0131 bir provokasyon haz\u0131rlad\u0131lar&#8221; diyerek, Neo-Nazilerin bir k\u00f6m\u00fcr fabrikas\u0131nda zehirli kimyasallar i\u00e7eren bubi tuzakl\u0131 depolar\u0131 oldu\u011funu ve Donetsk Halk Cumhuriyeti&#8217;nin g\u00fc\u00e7leri \u015fehre yakla\u015ft\u0131k\u00e7a bunlar\u0131 patlatmay\u0131 planlad\u0131klar\u0131n\u0131 da s\u00f6zlerine ekledi.<\/p>\n<p style=\"text-align: justify;\">\u0130lgili bir ba\u011flamda, Rusya Savunma Bakanl\u0131\u011f\u0131 s\u00f6zc\u00fcs\u00fc \u0130gor Kona\u015finkov, y\u00fczlerce Avrupal\u0131\u00a0\u00a0 paral\u0131 askerin Mariupol \u015fehrinde mahsur kald\u0131\u011f\u0131n\u0131 duyurdu.<\/p>\n<p style=\"text-align: justify;\">Kona\u015finkov, &#8220;Casusluk sonu\u00e7lar\u0131, Azak taburundan Naziler ve Ukrayna g\u00fc\u00e7lerinin kal\u0131nt\u0131lar\u0131na ek olarak, Mariupol \u015fehrinin b\u00f6lgelerinde \u00e7ok say\u0131da yabanc\u0131 paral\u0131 asker oldu\u011funu g\u00f6steriyor.&#8221; dedi.<\/p>\n<p style=\"text-align: justify;\">Ukraynaca ve Rus\u00e7a&#8217;ya ek olarak, \u00e7o\u011fu yabanc\u0131 Avrupa dili olan alt\u0131 dilde daha ileti\u015fim yap\u0131l\u0131yor.&#8221; &#8220;Yabanc\u0131 paral\u0131 askerler Mariupol&#8217;da mahsur kald\u0131lar ve dolarlar i\u00e7in \u00f6ld\u00fcrmeye ve sivil canl\u0131 kalkanlar\u0131n arkas\u0131na saklanmaya al\u0131\u015fk\u0131nlar&#8221; diye ekledi.<\/p>\n<p style=\"text-align: justify;\">Kona\u015finkov, Kiev&#8217;in militanlar\u0131 Mariupol&#8217;dan geri \u00e7ekmeyi reddetti\u011fini belirterek, &#8220;\u015fehir Rus kapsam\u0131yla Donetsk g\u00fc\u00e7leri taraf\u0131ndan ko\u015fulsuz olarak kurtar\u0131lacakt\u0131r&#8221; diye a\u00e7\u0131klad\u0131.<\/p>\n","protected":false},"excerpt":{"rendered":"<p>MOSKOVA &#8211; Rusya Savunma Bakanl\u0131\u011f\u0131, Ukraynal\u0131 neo-Nazilerin, Ukrayna&#8217;n\u0131n do\u011fusundaki Avdiivka kasabas\u0131nda zehirli kimyasallar i\u00e7eren bubi tuzakl\u0131 depolar kurdu\u011funu ve Donetsk kuvvetlerinin b\u00f6lgeye yakla\u015f\u0131rken bunlar\u0131 patlatmay\u0131 planlad\u0131\u011f\u0131n\u0131 duyurdu. Rusya Savunma Bakanl\u0131\u011f\u0131 Ba\u015fkan\u0131 Mikhail Mezintsev, &#8220;Avdiivka&#8217;daki a\u015f\u0131r\u0131 milliyet\u00e7i te\u015fkilat sava\u015f\u00e7\u0131lar\u0131, kom\u015fu b\u00f6lgelerin n\u00fcfusunu toplu olarak kimyasallarla zehirlemek i\u00e7in insanl\u0131k d\u0131\u015f\u0131 bir provokasyon haz\u0131rlad\u0131lar&#8221; diyerek, Neo-Nazilerin bir k\u00f6m\u00fcr &hellip;<\/p>\n","protected":false},"author":1,"featured_media":252815,"comment_status":"closed","ping_status":"closed","sticky":false,"template":"","format":"standard","meta":{"footnotes":""},"categories":[458,459,17988],"tags":[],"class_list":["post-252814","post","type-post","status-publish","format-standard","has-post-thumbnail","","category-dunya1","category-haberler-arap-uluslararasi-politika","category-son-haberler"],"_links":{"self":[{"href":"https:\/\/archive.sana.sy\/tr\/index.php?rest_route=\/wp\/v2\/posts\/252814","targetHints":{"allow":["GET"]}}],"collection":[{"href":"https:\/\/archive.sana.sy\/tr\/index.php?rest_route=\/wp\/v2\/posts"}],"about":[{"href":"https:\/\/archive.sana.sy\/tr\/index.php?rest_route=\/wp\/v2\/types\/post"}],"author":[{"embeddable":true,"href":"https:\/\/archive.sana.sy\/tr\/index.php?rest_route=\/wp\/v2\/users\/1"}],"replies":[{"embeddable":true,"href":"https:\/\/archive.sana.sy\/tr\/index.php?rest_route=%2Fwp%2Fv2%2Fcomments&post=252814"}],"version-history":[{"count":0,"href":"https:\/\/archive.sana.sy\/tr\/index.php?rest_route=\/wp\/v2\/posts\/252814\/revisions"}],"wp:featuredmedia":[{"embeddable":true,"href":"https:\/\/archive.sana.sy\/tr\/index.php?rest_route=\/wp\/v2\/media\/252815"}],"wp:attachment":[{"href":"https:\/\/archive.sana.sy\/tr\/index.php?rest_route=%2Fwp%2Fv2%2Fmedia&parent=252814"}],"wp:term":[{"taxonomy":"category","embeddable":true,"href":"https:\/\/archive.sana.sy\/tr\/index.php?rest_route=%2Fwp%2Fv2%2Fcategories&post=252814"},{"taxonomy":"post_tag","embeddable":true,"href":"https:\/\/archive.sana.sy\/tr\/index.php?rest_route=%2Fwp%2Fv2%2Ftags&post=252814"}],"curies":[{"name":"wp","href":"https:\/\/api.w.org\/{rel}","templated":true}]}}