{"id":252905,"date":"2022-04-10T09:26:46","date_gmt":"2022-04-10T06:26:46","guid":{"rendered":"http:\/\/107.6.182.27\/tr\/?p=252905"},"modified":"2022-04-11T08:23:11","modified_gmt":"2022-04-11T05:23:11","slug":"israil-isgal-guclerinin-kursunlariyla-onlarca-filistinli-yaralandi","status":"publish","type":"post","link":"https:\/\/archive.sana.sy\/tr\/?p=252905","title":{"rendered":"\u0130srail \u0130\u015fgal G\u00fc\u00e7lerinin kur\u015funlar\u0131yla Onlarca Filistinli Yaraland\u0131"},"content":{"rendered":"<p>\u0130\u015eGAL ED\u0130LEN KUD\u00dcS \u2013 \u0130srail i\u015fgal g\u00fc\u00e7leri, Bat\u0131 yaka\u2019n\u0131n Ariha kentinin g\u00fcneyindeki Akabet cabr kamp\u0131na d\u00fczenledi\u011fi bask\u0131n s\u0131ras\u0131nda 3 Filistinli yaraland\u0131.<\/p>\n<p>WAFA Haber Ajans\u0131, \u0130srail i\u015fgal g\u00fc\u00e7lerinin Akabat Cabr kamp\u0131na bask\u0131n d\u00fczenleyip Filistinlilere ate\u015f a\u00e7t\u0131\u011f\u0131n\u0131 ve ses bombalar\u0131 ve zehirli gaz att\u0131\u011f\u0131n\u0131 belirtirken, bunu sonucunda 3 gencin yaraland\u0131\u011f\u0131n\u0131 ve 2 Filistinliyi tutuklad\u0131\u011f\u0131na i\u015faret etti.<\/p>\n<p>WAFA Ajans\u0131, \u0130srail i\u015fgal g\u00fc\u00e7lerinin, Cenin kentinin g\u00fcneyindeki Yabud beldesine bask\u0131n d\u00fczenleyerek, zehirli gaz at\u0131\u011f\u0131n\u0131 ve ate\u015f a\u00e7t\u0131\u011f\u0131n\u0131 belirtti.<\/p>\n<p>Ajans ayr\u0131ca, s\u00f6z konusu bask\u0131nlar\u0131n sonucunda, 1 gencin yaralad\u0131\u011f\u0131na, onlarca ki\u015finin bo\u011fuldu\u011funa ve 9 Filistinliyi tutuklad\u0131\u011f\u0131na i\u015faret etti.<\/p>\n<p><span style=\"color: #0000ff;\">#Telegram_Kanal\u0131m\u0131z: https:\/\/t.me\/SuriyeArapHaberAjansI<\/span><\/p>\n","protected":false},"excerpt":{"rendered":"<p>\u0130\u015eGAL ED\u0130LEN KUD\u00dcS \u2013 \u0130srail i\u015fgal g\u00fc\u00e7leri, Bat\u0131 yaka\u2019n\u0131n Ariha kentinin g\u00fcneyindeki Akabet cabr kamp\u0131na d\u00fczenledi\u011fi bask\u0131n s\u0131ras\u0131nda 3 Filistinli yaraland\u0131. WAFA Haber Ajans\u0131, \u0130srail i\u015fgal g\u00fc\u00e7lerinin Akabat Cabr kamp\u0131na bask\u0131n d\u00fczenleyip Filistinlilere ate\u015f a\u00e7t\u0131\u011f\u0131n\u0131 ve ses bombalar\u0131 ve zehirli gaz att\u0131\u011f\u0131n\u0131 belirtirken, bunu sonucunda 3 gencin yaraland\u0131\u011f\u0131n\u0131 ve 2 Filistinliyi tutuklad\u0131\u011f\u0131na i\u015faret etti. WAFA &hellip;<\/p>\n","protected":false},"author":1,"featured_media":252906,"comment_status":"closed","ping_status":"closed","sticky":false,"template":"","format":"standard","meta":{"footnotes":""},"categories":[458,459,17988],"tags":[],"class_list":["post-252905","post","type-post","status-publish","format-standard","has-post-thumbnail","","category-dunya1","category-haberler-arap-uluslararasi-politika","category-son-haberler"],"_links":{"self":[{"href":"https:\/\/archive.sana.sy\/tr\/index.php?rest_route=\/wp\/v2\/posts\/252905","targetHints":{"allow":["GET"]}}],"collection":[{"href":"https:\/\/archive.sana.sy\/tr\/index.php?rest_route=\/wp\/v2\/posts"}],"about":[{"href":"https:\/\/archive.sana.sy\/tr\/index.php?rest_route=\/wp\/v2\/types\/post"}],"author":[{"embeddable":true,"href":"https:\/\/archive.sana.sy\/tr\/index.php?rest_route=\/wp\/v2\/users\/1"}],"replies":[{"embeddable":true,"href":"https:\/\/archive.sana.sy\/tr\/index.php?rest_route=%2Fwp%2Fv2%2Fcomments&post=252905"}],"version-history":[{"count":0,"href":"https:\/\/archive.sana.sy\/tr\/index.php?rest_route=\/wp\/v2\/posts\/252905\/revisions"}],"wp:featuredmedia":[{"embeddable":true,"href":"https:\/\/archive.sana.sy\/tr\/index.php?rest_route=\/wp\/v2\/media\/252906"}],"wp:attachment":[{"href":"https:\/\/archive.sana.sy\/tr\/index.php?rest_route=%2Fwp%2Fv2%2Fmedia&parent=252905"}],"wp:term":[{"taxonomy":"category","embeddable":true,"href":"https:\/\/archive.sana.sy\/tr\/index.php?rest_route=%2Fwp%2Fv2%2Fcategories&post=252905"},{"taxonomy":"post_tag","embeddable":true,"href":"https:\/\/archive.sana.sy\/tr\/index.php?rest_route=%2Fwp%2Fv2%2Ftags&post=252905"}],"curies":[{"name":"wp","href":"https:\/\/api.w.org\/{rel}","templated":true}]}}