{"id":253203,"date":"2022-04-16T09:44:19","date_gmt":"2022-04-16T06:44:19","guid":{"rendered":"http:\/\/107.6.182.27\/tr\/?p=253203"},"modified":"2022-04-17T11:08:56","modified_gmt":"2022-04-17T08:08:56","slug":"donbassi-korumak-icin-rus-ozel-askeri-operasyonunda-52-gun","status":"publish","type":"post","link":"https:\/\/archive.sana.sy\/tr\/?p=253203","title":{"rendered":"Donbass\u2019\u0131 Korumak \u0130\u00e7in Rus \u00d6zel Askeri Operasyonunda 52. G\u00fcn"},"content":{"rendered":"<ul>\n<li>\u0130lk sivil grubunun Ukrayna \u0130zyum&#8217;dan Rusya s\u0131n\u0131r\u0131na tahliye edildi.<\/li>\n<\/ul>\n<p><a class=\"oajrlxb2 g5ia77u1 qu0x051f esr5mh6w e9989ue4 r7d6kgcz rq0escxv nhd2j8a9 nc684nl6 p7hjln8o kvgmc6g5 cxmmr5t8 oygrvhab hcukyx3x jb3vyjys rz4wbd8a qt6c0cv9 a8nywdso i1ao9s8h esuyzwwr f1sip0of lzcic4wl gpro0wi8 q66pz984 b1v8xokw\" tabindex=\"0\" role=\"link\" href=\"https:\/\/www.facebook.com\/hashtag\/telegram_kanal%C4%B1m%C4%B1z?__eep__=6&amp;__cft__[0]=AZWaWQZ3udIBOXSsjXnFZgpPvj-M-hwZSWCWmCcNkFVsg9NmupF92oLBVA_BRt8csO_kNQMK1g3prVRW4U86-pM5XUkg65UVzoJpISf0SF5CdS_St5JGwIF83nYwll9upFk&amp;__tn__=*NK-R\">#Telegram_Kanal\u0131m\u0131z<\/a>: <a class=\"oajrlxb2 g5ia77u1 qu0x051f esr5mh6w e9989ue4 r7d6kgcz rq0escxv nhd2j8a9 nc684nl6 p7hjln8o kvgmc6g5 cxmmr5t8 oygrvhab hcukyx3x jb3vyjys rz4wbd8a qt6c0cv9 a8nywdso i1ao9s8h esuyzwwr f1sip0of lzcic4wl gpro0wi8 py34i1dx\" tabindex=\"0\" role=\"link\" href=\"https:\/\/l.facebook.com\/l.php?u=https%3A%2F%2Ft.me%2FSuriyeArapHaberAjansI%3Ffbclid%3DIwAR3X7AuMQjPRvbv1ABNgkjmPZXFnldTyBjq8CO2vQviToW0980HBD7Ealno&amp;h=AT3Dvp7H2urcT8F2osC_PsxIeS8GRv1LVQzgOI8TGBrATgeV48PUiz_zUIeDJMNsA66VoWDsSVOEVnmLXiKv9hqZwFH--_NquoW1E-QYbuPiiw3asxkB_4eA6Ou4q9wjJ1w&amp;__tn__=-UK-R&amp;c[0]=AT2CkHPkWZ3lEoiMPDbSbEmW8xDYTMLVWf8G0tfBh5lU8j4XleExOGpTlrj6C9R8O1LIq7jpkgws4bMNEuR7JOmB73XNuQwy4chmNDdb4Ye-t0YvgsLbt5kINmxT8zFgAIBz3_oQ4zZsXxKJlRUoQp1Y-A\" target=\"_blank\" rel=\"nofollow noopener\">https:\/\/t.me\/SuriyeArapHaberAjansI<\/a><\/p>\n","protected":false},"excerpt":{"rendered":"<p>\u0130lk sivil grubunun Ukrayna \u0130zyum&#8217;dan Rusya s\u0131n\u0131r\u0131na tahliye edildi. #Telegram_Kanal\u0131m\u0131z: https:\/\/t.me\/SuriyeArapHaberAjansI<\/p>\n","protected":false},"author":39,"featured_media":253204,"comment_status":"closed","ping_status":"closed","sticky":false,"template":"","format":"standard","meta":{"footnotes":""},"categories":[458,459,17988],"tags":[],"class_list":["post-253203","post","type-post","status-publish","format-standard","has-post-thumbnail","","category-dunya1","category-haberler-arap-uluslararasi-politika","category-son-haberler"],"_links":{"self":[{"href":"https:\/\/archive.sana.sy\/tr\/index.php?rest_route=\/wp\/v2\/posts\/253203","targetHints":{"allow":["GET"]}}],"collection":[{"href":"https:\/\/archive.sana.sy\/tr\/index.php?rest_route=\/wp\/v2\/posts"}],"about":[{"href":"https:\/\/archive.sana.sy\/tr\/index.php?rest_route=\/wp\/v2\/types\/post"}],"author":[{"embeddable":true,"href":"https:\/\/archive.sana.sy\/tr\/index.php?rest_route=\/wp\/v2\/users\/39"}],"replies":[{"embeddable":true,"href":"https:\/\/archive.sana.sy\/tr\/index.php?rest_route=%2Fwp%2Fv2%2Fcomments&post=253203"}],"version-history":[{"count":0,"href":"https:\/\/archive.sana.sy\/tr\/index.php?rest_route=\/wp\/v2\/posts\/253203\/revisions"}],"wp:featuredmedia":[{"embeddable":true,"href":"https:\/\/archive.sana.sy\/tr\/index.php?rest_route=\/wp\/v2\/media\/253204"}],"wp:attachment":[{"href":"https:\/\/archive.sana.sy\/tr\/index.php?rest_route=%2Fwp%2Fv2%2Fmedia&parent=253203"}],"wp:term":[{"taxonomy":"category","embeddable":true,"href":"https:\/\/archive.sana.sy\/tr\/index.php?rest_route=%2Fwp%2Fv2%2Fcategories&post=253203"},{"taxonomy":"post_tag","embeddable":true,"href":"https:\/\/archive.sana.sy\/tr\/index.php?rest_route=%2Fwp%2Fv2%2Ftags&post=253203"}],"curies":[{"name":"wp","href":"https:\/\/api.w.org\/{rel}","templated":true}]}}