{"id":253256,"date":"2022-04-17T09:46:23","date_gmt":"2022-04-17T06:46:23","guid":{"rendered":"http:\/\/107.6.182.27\/tr\/?p=253256"},"modified":"2022-04-18T08:38:42","modified_gmt":"2022-04-18T05:38:42","slug":"hasekede-al-abbus-koyunde-yer-mayini-patladi-1-sivil-sehit-dustu","status":"publish","type":"post","link":"https:\/\/archive.sana.sy\/tr\/?p=253256","title":{"rendered":"Haseke\u2019de Al Abbu\u015f K\u00f6y\u00fcnde Yer May\u0131n\u0131 Patlad\u0131 1 Sivil \u015eehit D\u00fc\u015ft\u00fc"},"content":{"rendered":"<p>HASEKE \u2013 Amerikan i\u015fgaline ba\u011fl\u0131 DSG milisleri kontrol\u00fcndeki Haseke K\u0131rsal\u0131n\u0131n kuzeyindeki Al Abbu\u015f k\u00f6y\u00fc\u00a0 yak\u0131nlar\u0131nda yer may\u0131n\u0131n\u0131n patlamas\u0131 sonucunda, 1 sivili \u015fehit d\u00fc\u015ft\u00fc.<\/p>\n<p>Yerel kaynaklar SANA muhabirine yapt\u0131\u011f\u0131 a\u00e7\u0131klamada, daha \u00f6nce Haseke k\u0131rsal\u0131n\u0131n kuzeyindeki Tel Temr b\u00f6lgesindeki Al Abbu\u015f k\u00f6y\u00fc yak\u0131nlar\u0131nda mevzilerini g\u00fc\u00e7lendirmek i\u00e7in &#8220;DSG&#8221; milisleri taraf\u0131ndan yerle\u015ftirilen bir yer may\u0131n\u0131n\u0131n bir sivilin koyun otlad\u0131\u011f\u0131 s\u0131rada infilak etti\u011fini belirtirken, bunun sonucunda da \u015fehit oldu\u011funa i\u015faret etti.<\/p>\n<p><a class=\"oajrlxb2 g5ia77u1 qu0x051f esr5mh6w e9989ue4 r7d6kgcz rq0escxv nhd2j8a9 nc684nl6 p7hjln8o kvgmc6g5 cxmmr5t8 oygrvhab hcukyx3x jb3vyjys rz4wbd8a qt6c0cv9 a8nywdso i1ao9s8h esuyzwwr f1sip0of lzcic4wl gpro0wi8 q66pz984 b1v8xokw\" tabindex=\"0\" role=\"link\" href=\"https:\/\/www.facebook.com\/hashtag\/telegram_kanal%C4%B1m%C4%B1z?__eep__=6&amp;__cft__[0]=AZVNZvl0b0vNbmnZEhArZ9yZv7MKtiSsABqXO7w8e23ZZVCSVw3O1R1bG66dhaBX8BJTV_pdKvBL1unNAmwYJo4UwAyv6p9TSl9H_AFTebJS3xDGxZB-wJ4SuZnQFg7MVVWWaQJvJdn9KfKfU5C7W_DM&amp;__tn__=*NK-R\">#Telegram_Kanal\u0131m\u0131z<\/a>: <a class=\"oajrlxb2 g5ia77u1 qu0x051f esr5mh6w e9989ue4 r7d6kgcz rq0escxv nhd2j8a9 nc684nl6 p7hjln8o kvgmc6g5 cxmmr5t8 oygrvhab hcukyx3x jb3vyjys rz4wbd8a qt6c0cv9 a8nywdso i1ao9s8h esuyzwwr f1sip0of lzcic4wl gpro0wi8 py34i1dx\" tabindex=\"0\" role=\"link\" href=\"https:\/\/l.facebook.com\/l.php?u=https%3A%2F%2Ft.me%2FSuriyeArapHaberAjansI%3Ffbclid%3DIwAR1c39VVde1C7UXMZcO8PNOxyywqu6aakblXfuSVmGnDD1ktQaoR-P1Qbvk&amp;h=AT3TQpc0bt-vZDfNxxGIrGV31IKDQ8ECaNDUe9zJx8MRsnZuVuPKTckB5XEf9FDg7BJ78wkfWWrYcOjM9zn0gsfzSeT9CD1DzAUwJwwBRQo_aOqk369pKFkYLjZ78Q937LQ&amp;__tn__=-UK-R&amp;c[0]=AT3H6lyifUAO2bqOYGjXko40fe0gpmRR9Vpub8MGvxVsqfAgt0kSOQloCNKNkBCEwwYzO4XE00tNEmQxZo6b793rUvIQZpRWsZfehg6ndCYVlEE6Yf3nrbP1lAw1XQUmiRPrLnqb7-cOAi7sJr8jwG5nfaaMDJlpKlhTQyhiZ-kP9w\" target=\"_blank\" rel=\"nofollow noopener\">https:\/\/t.me\/SuriyeArapHaberAjansI<\/a><\/p>\n","protected":false},"excerpt":{"rendered":"<p>HASEKE \u2013 Amerikan i\u015fgaline ba\u011fl\u0131 DSG milisleri kontrol\u00fcndeki Haseke K\u0131rsal\u0131n\u0131n kuzeyindeki Al Abbu\u015f k\u00f6y\u00fc\u00a0 yak\u0131nlar\u0131nda yer may\u0131n\u0131n\u0131n patlamas\u0131 sonucunda, 1 sivili \u015fehit d\u00fc\u015ft\u00fc. Yerel kaynaklar SANA muhabirine yapt\u0131\u011f\u0131 a\u00e7\u0131klamada, daha \u00f6nce Haseke k\u0131rsal\u0131n\u0131n kuzeyindeki Tel Temr b\u00f6lgesindeki Al Abbu\u015f k\u00f6y\u00fc yak\u0131nlar\u0131nda mevzilerini g\u00fc\u00e7lendirmek i\u00e7in &#8220;DSG&#8221; milisleri taraf\u0131ndan yerle\u015ftirilen bir yer may\u0131n\u0131n\u0131n bir sivilin koyun otlad\u0131\u011f\u0131 &hellip;<\/p>\n","protected":false},"author":39,"featured_media":253257,"comment_status":"closed","ping_status":"closed","sticky":false,"template":"","format":"standard","meta":{"footnotes":""},"categories":[479,575,17988,478],"tags":[],"class_list":["post-253256","post","type-post","status-publish","format-standard","has-post-thumbnail","","category-haberler-yerel","category-olaylar-ve-gercekler","category-son-haberler","category-yerel"],"_links":{"self":[{"href":"https:\/\/archive.sana.sy\/tr\/index.php?rest_route=\/wp\/v2\/posts\/253256","targetHints":{"allow":["GET"]}}],"collection":[{"href":"https:\/\/archive.sana.sy\/tr\/index.php?rest_route=\/wp\/v2\/posts"}],"about":[{"href":"https:\/\/archive.sana.sy\/tr\/index.php?rest_route=\/wp\/v2\/types\/post"}],"author":[{"embeddable":true,"href":"https:\/\/archive.sana.sy\/tr\/index.php?rest_route=\/wp\/v2\/users\/39"}],"replies":[{"embeddable":true,"href":"https:\/\/archive.sana.sy\/tr\/index.php?rest_route=%2Fwp%2Fv2%2Fcomments&post=253256"}],"version-history":[{"count":0,"href":"https:\/\/archive.sana.sy\/tr\/index.php?rest_route=\/wp\/v2\/posts\/253256\/revisions"}],"wp:featuredmedia":[{"embeddable":true,"href":"https:\/\/archive.sana.sy\/tr\/index.php?rest_route=\/wp\/v2\/media\/253257"}],"wp:attachment":[{"href":"https:\/\/archive.sana.sy\/tr\/index.php?rest_route=%2Fwp%2Fv2%2Fmedia&parent=253256"}],"wp:term":[{"taxonomy":"category","embeddable":true,"href":"https:\/\/archive.sana.sy\/tr\/index.php?rest_route=%2Fwp%2Fv2%2Fcategories&post=253256"},{"taxonomy":"post_tag","embeddable":true,"href":"https:\/\/archive.sana.sy\/tr\/index.php?rest_route=%2Fwp%2Fv2%2Ftags&post=253256"}],"curies":[{"name":"wp","href":"https:\/\/api.w.org\/{rel}","templated":true}]}}