{"id":253298,"date":"2022-04-17T18:24:40","date_gmt":"2022-04-17T15:24:40","guid":{"rendered":"http:\/\/107.6.182.27\/tr\/?p=253298"},"modified":"2022-04-19T08:19:39","modified_gmt":"2022-04-19T05:19:39","slug":"cumhurbaskani-esad-paskalya-bayrami-munasebetiyle-hiristiyan-taife-evlatlarini-kutladi","status":"publish","type":"post","link":"https:\/\/archive.sana.sy\/tr\/?p=253298","title":{"rendered":"Cumhurba\u015fkan\u0131 Esad Paskalya Bayram\u0131 M\u00fcnasebetiyle H\u0131ristiyan Taife Evlatlar\u0131n\u0131 Kutlad\u0131"},"content":{"rendered":"<p style=\"text-align: justify;\">\u015eAM &#8211; Cumhurba\u015fkan\u0131 Be\u015f\u015far Esad, Bat\u0131 takvimine g\u00f6re hareket eden Hristiyan mezhep mensuplar\u0131n\u0131 \u015fanl\u0131 Paskalya m\u00fcnasebetiyle kutlayarak, kendilerine ve t\u00fcm Suriyelilere sa\u011fl\u0131k, iyilik ve bar\u0131\u015f\u0131n devam\u0131n\u0131 diledi.<\/p>\n<p style=\"text-align: justify;\">Cumhurba\u015fkanl\u0131\u011f\u0131 \u0130\u015fleri Bakan\u0131 Mansur Azzam, Cumhurba\u015fkan\u0131 Esad&#8217;\u0131n, Melkite Katolikleri i\u00e7in Antakya ve T\u00fcm<a href=\"http:\/\/107.6.182.27\/tr\/wp-content\/uploads\/2022\/04\/00-15.jpg\"><img loading=\"lazy\" decoding=\"async\" class=\"alignright size-medium wp-image-253301\" src=\"http:\/\/107.6.182.27\/tr\/wp-content\/uploads\/2022\/04\/00-15-300x199.jpg\" alt=\"\" width=\"300\" height=\"199\" srcset=\"https:\/\/archive.sana.sy\/tr\/wp-content\/uploads\/2022\/04\/00-15-300x199.jpg 300w, https:\/\/archive.sana.sy\/tr\/wp-content\/uploads\/2022\/04\/00-15-150x100.jpg 150w, https:\/\/archive.sana.sy\/tr\/wp-content\/uploads\/2022\/04\/00-15-310x205.jpg 310w, https:\/\/archive.sana.sy\/tr\/wp-content\/uploads\/2022\/04\/00-15.jpg 660w\" sizes=\"auto, (max-width: 300px) 100vw, 300px\" \/><\/a> Do\u011fu Patrik Hazretleri Patrik Joseph el Absi&#8217;yi, \u015eam S\u00fcryani Katolikleri Ba\u015fpiskoposu Mar Yuhanna Cihad Battah&#8217;\u0131, Ermeni Ortodokslar\u0131 ad\u0131na \u015eam Ba\u015fpiskoposu Ekselanslar\u0131 Ba\u015fpiskopos Arma\u015f Nalbandyan ve Ermeni Katolikleri \u015eam Ba\u015fpiskoposlu\u011fu Ba\u015fpiskopos Joseph Arnauti, Suriye ve L\u00fcbnan&#8217;daki Evanjelik Sinod Ba\u015fkan\u0131 ve Ulusal Meclisin ruhani ba\u015fkan\u0131 Butros Zaur, \u015eam&#8217;daki Evanjelik Presbiteryen Kilisesi Ekselanslar\u0131 Ba\u015fpiskopos Semir Nassar, \u015eam Maruni Ba\u015fpiskoposu ve \u015eam&#8217;daki Latin Cemaati Ba\u015fkan\u0131 Peder Anton Luxe, Keldani Kilisesi&#8217;nin Papas\u0131 Peder Malik Mellus ile onlar\u0131n \u015ferefli mezheplerinin \u00fcyelerine Paskalya Bayram\u0131 m\u00fcnasebetiyle kutlamalar\u0131n\u0131 iletti.<\/p>\n<p style=\"text-align: justify;\">Buna kar\u015f\u0131l\u0131k, H\u0131ristiyan mezheplerinin liderleri, bu vesileyle kendilerini tebrik eden, kendisine, ailesine ve t\u00fcm Suriyelilere sa\u011fl\u0131k ve esenliklerini diledikleri, Suriye&#8217;nin ve halk\u0131n\u0131n ter\u00f6rist sava\u015f\u0131n ve haks\u0131z ku\u015fatman\u0131n sonu\u00e7lar\u0131n\u0131n \u00fcstesinden gelece\u011fine dair olan tam g\u00fcvenlerini teyit ettikleri i\u00e7in Cumhurba\u015fkan\u0131 Esad&#8217;a te\u015fekk\u00fcrlerini ilettiler.<\/p>\n<p style=\"text-align: justify;\">Suriye&#8217;yi, halk\u0131n\u0131 ve liderli\u011fini korumas\u0131, \u015fehitlerine merhamet etmesi ve yaral\u0131lar\u0131na \u015fifa vermesi i\u00e7in Allah&#8217;a dua ettiler ve tek bir Suriyeli ailenin evlatlar\u0131n\u0131n direni\u015finin, Suriye topraklar\u0131nda g\u00fcvenlik ve istikrar\u0131 yeniden sa\u011flayaca\u011f\u0131n\u0131 vurgulad\u0131lar.<\/p>\n<p><a class=\"oajrlxb2 g5ia77u1 qu0x051f esr5mh6w e9989ue4 r7d6kgcz rq0escxv nhd2j8a9 nc684nl6 p7hjln8o kvgmc6g5 cxmmr5t8 oygrvhab hcukyx3x jb3vyjys rz4wbd8a qt6c0cv9 a8nywdso i1ao9s8h esuyzwwr f1sip0of lzcic4wl gpro0wi8 q66pz984 b1v8xokw\" tabindex=\"0\" role=\"link\" href=\"https:\/\/www.facebook.com\/hashtag\/telegram_kanal%C4%B1m%C4%B1z?__eep__=6&amp;__cft__[0]=AZVYX-dbnXKg6y5c7QvZR3HUS-y9D2K1bfjVwkdUeL6dKgUuIdF3iGQ22hwnBsGPtaOcbkiimmoGTdeAPRh1LoM99e19MkKt0XTqFWNIlUC8uQRM9JMg6dcTfb-4ITOh7vlivwyV-Z6yUmmuHawHoPIv&amp;__tn__=*NK-R\">#Telegram_Kanal\u0131m\u0131z<\/a>: <a class=\"oajrlxb2 g5ia77u1 qu0x051f esr5mh6w e9989ue4 r7d6kgcz rq0escxv nhd2j8a9 nc684nl6 p7hjln8o kvgmc6g5 cxmmr5t8 oygrvhab hcukyx3x jb3vyjys rz4wbd8a qt6c0cv9 a8nywdso i1ao9s8h esuyzwwr f1sip0of lzcic4wl gpro0wi8 py34i1dx\" tabindex=\"0\" role=\"link\" href=\"https:\/\/t.me\/SuriyeArapHaberAjansI?fbclid=IwAR2elF4ByfhbepOyz2-8EpRF8tkyDEjtcynTXMr2YfUEwC-4uq7b2kwjBWU\" target=\"_blank\" rel=\"nofollow noopener\">https:\/\/t.me\/SuriyeArapHaberAjansI<\/a><\/p>\n<p><iframe loading=\"lazy\" title=\"YouTube video player\" src=\"https:\/\/www.youtube.com\/embed\/ORdh_F5UWDI\" width=\"620\" height=\"348\" frameborder=\"0\" allowfullscreen=\"allowfullscreen\"><\/iframe><\/p>\n","protected":false},"excerpt":{"rendered":"<p>\u015eAM &#8211; Cumhurba\u015fkan\u0131 Be\u015f\u015far Esad, Bat\u0131 takvimine g\u00f6re hareket eden Hristiyan mezhep mensuplar\u0131n\u0131 \u015fanl\u0131 Paskalya m\u00fcnasebetiyle kutlayarak, kendilerine ve t\u00fcm Suriyelilere sa\u011fl\u0131k, iyilik ve bar\u0131\u015f\u0131n devam\u0131n\u0131 diledi. Cumhurba\u015fkanl\u0131\u011f\u0131 \u0130\u015fleri Bakan\u0131 Mansur Azzam, Cumhurba\u015fkan\u0131 Esad&#8217;\u0131n, Melkite Katolikleri i\u00e7in Antakya ve T\u00fcm Do\u011fu Patrik Hazretleri Patrik Joseph el Absi&#8217;yi, \u015eam S\u00fcryani Katolikleri Ba\u015fpiskoposu Mar Yuhanna Cihad Battah&#8217;\u0131, &hellip;<\/p>\n","protected":false},"author":1,"featured_media":253299,"comment_status":"closed","ping_status":"closed","sticky":false,"template":"","format":"standard","meta":{"footnotes":""},"categories":[479,605,17988,478],"tags":[],"class_list":["post-253298","post","type-post","status-publish","format-standard","has-post-thumbnail","","category-haberler-yerel","category-sayin-cumhurbaskani","category-son-haberler","category-yerel"],"_links":{"self":[{"href":"https:\/\/archive.sana.sy\/tr\/index.php?rest_route=\/wp\/v2\/posts\/253298","targetHints":{"allow":["GET"]}}],"collection":[{"href":"https:\/\/archive.sana.sy\/tr\/index.php?rest_route=\/wp\/v2\/posts"}],"about":[{"href":"https:\/\/archive.sana.sy\/tr\/index.php?rest_route=\/wp\/v2\/types\/post"}],"author":[{"embeddable":true,"href":"https:\/\/archive.sana.sy\/tr\/index.php?rest_route=\/wp\/v2\/users\/1"}],"replies":[{"embeddable":true,"href":"https:\/\/archive.sana.sy\/tr\/index.php?rest_route=%2Fwp%2Fv2%2Fcomments&post=253298"}],"version-history":[{"count":0,"href":"https:\/\/archive.sana.sy\/tr\/index.php?rest_route=\/wp\/v2\/posts\/253298\/revisions"}],"wp:featuredmedia":[{"embeddable":true,"href":"https:\/\/archive.sana.sy\/tr\/index.php?rest_route=\/wp\/v2\/media\/253299"}],"wp:attachment":[{"href":"https:\/\/archive.sana.sy\/tr\/index.php?rest_route=%2Fwp%2Fv2%2Fmedia&parent=253298"}],"wp:term":[{"taxonomy":"category","embeddable":true,"href":"https:\/\/archive.sana.sy\/tr\/index.php?rest_route=%2Fwp%2Fv2%2Fcategories&post=253298"},{"taxonomy":"post_tag","embeddable":true,"href":"https:\/\/archive.sana.sy\/tr\/index.php?rest_route=%2Fwp%2Fv2%2Ftags&post=253298"}],"curies":[{"name":"wp","href":"https:\/\/api.w.org\/{rel}","templated":true}]}}