{"id":253305,"date":"2022-04-18T08:21:40","date_gmt":"2022-04-18T05:21:40","guid":{"rendered":"http:\/\/107.6.182.27\/tr\/?p=253305"},"modified":"2022-04-19T08:19:48","modified_gmt":"2022-04-19T05:19:48","slug":"israil-isgal-guclerinin-mescid-i-aksaya-baskin-duzenlemesi-sonucu-9-filistinli-yaralandi","status":"publish","type":"post","link":"https:\/\/archive.sana.sy\/tr\/?p=253305","title":{"rendered":"\u0130srail \u0130\u015fgal G\u00fc\u00e7lerinin Mescid-i Aksa\u2019ya Bask\u0131n D\u00fczenlemesi Sonucu 9 Filistinli Yaraland\u0131"},"content":{"rendered":"<p>\u0130\u015eGAL ED\u0130LEN KUD\u00dcS \u2013 \u0130srail i\u015fgal g\u00fc\u00e7leri Mescid-i Aksa&#8217;ya bask\u0131n d\u00fczenleyip orada ibadet eden Filistinlilere sald\u0131rd\u0131.<\/p>\n<p>MAAN Haber Ajans\u0131, \u0130srail i\u015fgal g\u00fc\u00e7lerinin m\u00fcbarek Mescid-i Aksaya bask\u0131n d\u00fczenledi\u011fini belirtirken, Mescidinin kap\u0131lar\u0131ndan biri olan Bab Al Asbat b\u00f6lgesinde ibadet eden Filistinlileri vurarak ve zehirli gaz bombas\u0131 atarak sald\u0131rd\u0131\u011f\u0131na, bunu sonucunda 9 Filistinlinin yaraland\u0131\u011f\u0131na 4 ki\u015fiyi de tutuklad\u0131\u011f\u0131na i\u015faret etti.<\/p>\n<p>\u0130ki g\u00fcn \u00f6nce i\u015fgal edilen Kud\u00fcs&#8217;teki Mescid-i Aksa 85 yerle\u015fimci taraf\u0131ndan bas\u0131lm\u0131\u015ft\u0131.<\/p>\n","protected":false},"excerpt":{"rendered":"<p>\u0130\u015eGAL ED\u0130LEN KUD\u00dcS \u2013 \u0130srail i\u015fgal g\u00fc\u00e7leri Mescid-i Aksa&#8217;ya bask\u0131n d\u00fczenleyip orada ibadet eden Filistinlilere sald\u0131rd\u0131. MAAN Haber Ajans\u0131, \u0130srail i\u015fgal g\u00fc\u00e7lerinin m\u00fcbarek Mescid-i Aksaya bask\u0131n d\u00fczenledi\u011fini belirtirken, Mescidinin kap\u0131lar\u0131ndan biri olan Bab Al Asbat b\u00f6lgesinde ibadet eden Filistinlileri vurarak ve zehirli gaz bombas\u0131 atarak sald\u0131rd\u0131\u011f\u0131na, bunu sonucunda 9 Filistinlinin yaraland\u0131\u011f\u0131na 4 ki\u015fiyi de tutuklad\u0131\u011f\u0131na &hellip;<\/p>\n","protected":false},"author":39,"featured_media":253306,"comment_status":"closed","ping_status":"closed","sticky":false,"template":"","format":"standard","meta":{"footnotes":""},"categories":[458,459,17988],"tags":[],"class_list":["post-253305","post","type-post","status-publish","format-standard","has-post-thumbnail","","category-dunya1","category-haberler-arap-uluslararasi-politika","category-son-haberler"],"_links":{"self":[{"href":"https:\/\/archive.sana.sy\/tr\/index.php?rest_route=\/wp\/v2\/posts\/253305","targetHints":{"allow":["GET"]}}],"collection":[{"href":"https:\/\/archive.sana.sy\/tr\/index.php?rest_route=\/wp\/v2\/posts"}],"about":[{"href":"https:\/\/archive.sana.sy\/tr\/index.php?rest_route=\/wp\/v2\/types\/post"}],"author":[{"embeddable":true,"href":"https:\/\/archive.sana.sy\/tr\/index.php?rest_route=\/wp\/v2\/users\/39"}],"replies":[{"embeddable":true,"href":"https:\/\/archive.sana.sy\/tr\/index.php?rest_route=%2Fwp%2Fv2%2Fcomments&post=253305"}],"version-history":[{"count":0,"href":"https:\/\/archive.sana.sy\/tr\/index.php?rest_route=\/wp\/v2\/posts\/253305\/revisions"}],"wp:featuredmedia":[{"embeddable":true,"href":"https:\/\/archive.sana.sy\/tr\/index.php?rest_route=\/wp\/v2\/media\/253306"}],"wp:attachment":[{"href":"https:\/\/archive.sana.sy\/tr\/index.php?rest_route=%2Fwp%2Fv2%2Fmedia&parent=253305"}],"wp:term":[{"taxonomy":"category","embeddable":true,"href":"https:\/\/archive.sana.sy\/tr\/index.php?rest_route=%2Fwp%2Fv2%2Fcategories&post=253305"},{"taxonomy":"post_tag","embeddable":true,"href":"https:\/\/archive.sana.sy\/tr\/index.php?rest_route=%2Fwp%2Fv2%2Ftags&post=253305"}],"curies":[{"name":"wp","href":"https:\/\/api.w.org\/{rel}","templated":true}]}}