{"id":253323,"date":"2022-04-18T10:41:18","date_gmt":"2022-04-18T07:41:18","guid":{"rendered":"http:\/\/107.6.182.27\/tr\/?p=253323"},"modified":"2022-04-19T08:20:29","modified_gmt":"2022-04-19T05:20:29","slug":"isgalci-amerika-hasekeden-iraka-108-askeri-arac-cikardi","status":"publish","type":"post","link":"https:\/\/archive.sana.sy\/tr\/?p=253323","title":{"rendered":"\u00a0\u0130\u015fgalci Amerika Haseke\u2019den Irak\u2019a 108 Askeri Ara\u00e7 \u00c7\u0131kard\u0131"},"content":{"rendered":"<p>Amerikan i\u015fgal g\u00fc\u00e7leri, Suriye&#8217;nin El Cezire b\u00f6lgesindeki \u00fcslerinden askeri z\u0131rhl\u0131 ara\u00e7 ve kamyonlardan olu\u015fan bir konvoyu Haseke k\u0131rsal\u0131ndaki yasad\u0131\u015f\u0131 El Velid kap\u0131s\u0131 \u00fczerinden Irak topraklar\u0131na \u00e7\u0131kard\u0131.<\/p>\n<p>Al Yarubiyah B\u00f6lgesinin K\u0131rsal\u0131ndan Yerel Kaynaklar SANA Muhabirine a\u00e7\u0131klamalar\u0131nda, bir konvoyun 60&#8217;\u0131 askeri z\u0131rhl\u0131 ara\u00e7 ta\u015f\u0131yan tanker, 40&#8217;\u0131 Kamyon ve T\u0131r olmak \u00fczere 108 ara\u00e7 ve beraberinde Amerikan i\u015fgal g\u00fc\u00e7lerine ait 8 askeri z\u0131rhl\u0131 ara\u00e7tan olu\u015ftu\u011funu s\u00f6yledi, Harab al Cir askeri havaalan\u0131ndaki \u00fcslerinden ayr\u0131ld\u0131klar\u0131n\u0131 ve Irak s\u0131n\u0131r\u0131ndaki yasad\u0131\u015f\u0131 El Velid kap\u0131s\u0131na y\u00f6neldiklerini ifade etti.<\/p>\n<p><a class=\"oajrlxb2 g5ia77u1 qu0x051f esr5mh6w e9989ue4 r7d6kgcz rq0escxv nhd2j8a9 nc684nl6 p7hjln8o kvgmc6g5 cxmmr5t8 oygrvhab hcukyx3x jb3vyjys rz4wbd8a qt6c0cv9 a8nywdso i1ao9s8h esuyzwwr f1sip0of lzcic4wl gpro0wi8 q66pz984 b1v8xokw\" tabindex=\"0\" role=\"link\" href=\"https:\/\/www.facebook.com\/hashtag\/telegram_kanal%C4%B1m%C4%B1z?__eep__=6&amp;__cft__[0]=AZVYX-dbnXKg6y5c7QvZR3HUS-y9D2K1bfjVwkdUeL6dKgUuIdF3iGQ22hwnBsGPtaOcbkiimmoGTdeAPRh1LoM99e19MkKt0XTqFWNIlUC8uQRM9JMg6dcTfb-4ITOh7vlivwyV-Z6yUmmuHawHoPIv&amp;__tn__=*NK-R\">#Telegram_Kanal\u0131m\u0131z<\/a>: <a class=\"oajrlxb2 g5ia77u1 qu0x051f esr5mh6w e9989ue4 r7d6kgcz rq0escxv nhd2j8a9 nc684nl6 p7hjln8o kvgmc6g5 cxmmr5t8 oygrvhab hcukyx3x jb3vyjys rz4wbd8a qt6c0cv9 a8nywdso i1ao9s8h esuyzwwr f1sip0of lzcic4wl gpro0wi8 py34i1dx\" tabindex=\"0\" role=\"link\" href=\"https:\/\/l.facebook.com\/l.php?u=https%3A%2F%2Ft.me%2FSuriyeArapHaberAjansI%3Ffbclid%3DIwAR2elF4ByfhbepOyz2-8EpRF8tkyDEjtcynTXMr2YfUEwC-4uq7b2kwjBWU&amp;h=AT1PSAB4fBA6loSAUKapL-q_86I_JQdgf_h0XMfmGALig4wnraScjbMZN0Bmn6wmmwRpx2XvIyYL0QbQDaRPJUeJvWt56hSXQwZE3BTRIBPHP8mYAAX25yFR-mcB4nuvOFo&amp;__tn__=-UK-R&amp;c[0]=AT2qhh-1o72WDwwc-FnQ-5A6N7mMkD424bPTD8ZemgG1co4xGBj0Q4lDgh3aNnb34q9cv6UDgtZ8Ad7ucro1YsxJuNCzw2LmaKs0-o5HR6HGFJtzihQo2lShyf5-56aa9OlnM4MBiVbnlK45Oa_PI_i3VZE9Vd1yNS1Bf-WVv4s86Q\" target=\"_blank\" rel=\"nofollow noopener\">https:\/\/t.me\/SuriyeArapHaberAjansI<\/a><\/p>\n","protected":false},"excerpt":{"rendered":"<p>Amerikan i\u015fgal g\u00fc\u00e7leri, Suriye&#8217;nin El Cezire b\u00f6lgesindeki \u00fcslerinden askeri z\u0131rhl\u0131 ara\u00e7 ve kamyonlardan olu\u015fan bir konvoyu Haseke k\u0131rsal\u0131ndaki yasad\u0131\u015f\u0131 El Velid kap\u0131s\u0131 \u00fczerinden Irak topraklar\u0131na \u00e7\u0131kard\u0131. Al Yarubiyah B\u00f6lgesinin K\u0131rsal\u0131ndan Yerel Kaynaklar SANA Muhabirine a\u00e7\u0131klamalar\u0131nda, bir konvoyun 60&#8217;\u0131 askeri z\u0131rhl\u0131 ara\u00e7 ta\u015f\u0131yan tanker, 40&#8217;\u0131 Kamyon ve T\u0131r olmak \u00fczere 108 ara\u00e7 ve beraberinde Amerikan i\u015fgal &hellip;<\/p>\n","protected":false},"author":39,"featured_media":253324,"comment_status":"closed","ping_status":"closed","sticky":false,"template":"","format":"standard","meta":{"footnotes":""},"categories":[479,575,17988,478],"tags":[],"class_list":["post-253323","post","type-post","status-publish","format-standard","has-post-thumbnail","","category-haberler-yerel","category-olaylar-ve-gercekler","category-son-haberler","category-yerel"],"_links":{"self":[{"href":"https:\/\/archive.sana.sy\/tr\/index.php?rest_route=\/wp\/v2\/posts\/253323","targetHints":{"allow":["GET"]}}],"collection":[{"href":"https:\/\/archive.sana.sy\/tr\/index.php?rest_route=\/wp\/v2\/posts"}],"about":[{"href":"https:\/\/archive.sana.sy\/tr\/index.php?rest_route=\/wp\/v2\/types\/post"}],"author":[{"embeddable":true,"href":"https:\/\/archive.sana.sy\/tr\/index.php?rest_route=\/wp\/v2\/users\/39"}],"replies":[{"embeddable":true,"href":"https:\/\/archive.sana.sy\/tr\/index.php?rest_route=%2Fwp%2Fv2%2Fcomments&post=253323"}],"version-history":[{"count":0,"href":"https:\/\/archive.sana.sy\/tr\/index.php?rest_route=\/wp\/v2\/posts\/253323\/revisions"}],"wp:featuredmedia":[{"embeddable":true,"href":"https:\/\/archive.sana.sy\/tr\/index.php?rest_route=\/wp\/v2\/media\/253324"}],"wp:attachment":[{"href":"https:\/\/archive.sana.sy\/tr\/index.php?rest_route=%2Fwp%2Fv2%2Fmedia&parent=253323"}],"wp:term":[{"taxonomy":"category","embeddable":true,"href":"https:\/\/archive.sana.sy\/tr\/index.php?rest_route=%2Fwp%2Fv2%2Fcategories&post=253323"},{"taxonomy":"post_tag","embeddable":true,"href":"https:\/\/archive.sana.sy\/tr\/index.php?rest_route=%2Fwp%2Fv2%2Ftags&post=253323"}],"curies":[{"name":"wp","href":"https:\/\/api.w.org\/{rel}","templated":true}]}}